{"id":1491,"count":1,"description":"","link":"https:\/\/www.sincomam.org.br\/index.php\/palavras-chave\/portagem-e-esclarece-que-as-ilacoes-colocadas-sao-improcedentes-a-andrade-gutierrez\/","name":"portagem e esclarece que as ila\u00e7\u00f5es colocadas s\u00e3o improcedentes\". A Andrade Gutierrez","slug":"portagem-e-esclarece-que-as-ilacoes-colocadas-sao-improcedentes-a-andrade-gutierrez","taxonomy":"post_tag","meta":[],"_links":{"self":[{"href":"https:\/\/www.sincomam.org.br\/index.php\/wp-json\/wp\/v2\/tags\/1491","targetHints":{"allow":["GET"]}}],"collection":[{"href":"https:\/\/www.sincomam.org.br\/index.php\/wp-json\/wp\/v2\/tags"}],"about":[{"href":"https:\/\/www.sincomam.org.br\/index.php\/wp-json\/wp\/v2\/taxonomies\/post_tag"}],"wp:post_type":[{"href":"https:\/\/www.sincomam.org.br\/index.php\/wp-json\/wp\/v2\/posts?tags=1491"}],"curies":[{"name":"wp","href":"https:\/\/api.w.org\/{rel}","templated":true}]}}