{"id":9989,"date":"2015-01-09T09:56:13","date_gmt":"2015-01-09T11:56:13","guid":{"rendered":"http:\/\/www.sincomam.org.br\/?p=9989"},"modified":"2015-01-09T09:57:40","modified_gmt":"2015-01-09T11:57:40","slug":"planalto-anuncia-novos-comandantes-das-forcas-armadas","status":"publish","type":"post","link":"https:\/\/www.sincomam.org.br\/index.php\/planalto-anuncia-novos-comandantes-das-forcas-armadas\/","title":{"rendered":"Planalto anuncia novos comandantes das For\u00e7as Armadas"},"content":{"rendered":"<p><strong><em>General Villas B\u00f4as assume Ex\u00e9rcito; almirante Leal Ferreira, a Marinha. Brigadeiro Nivaldo Luiz Rossato foi nomeado para a Aeron\u00e1utica<\/em><\/strong><\/p>\n<p><em>O Pal\u00e1cio do Planalto anunciou nesta quarta-feira (7) os novos comandantes das For\u00e7as <\/em>Armadas para o segundo mandato da presidente Dilma Rousseff. Em nota, a Secretaria de Imprensa da Presid\u00eancia informou que o general Eduardo Dias da Costa Villas B\u00f4as passar\u00e1 a comandar o Ex\u00e9rcito; o Almirante-de-Esquadra Eduardo Bacellar Leal Ferreira, a Marinha; e o brigadeiro Nivaldo Luiz Rossato, a Aeron\u00e1utica.<\/p>\n<p>Eles assumem nas vagas atualmente ocupadas pelo general Enzo Peri (Ex\u00e9rcito); pelo almirante J\u00falio Moura Neto (Marinha); e pelo brigadeiro Juniti Saito (Aeron\u00e1utica).<\/p>\n<p>Para definir a escolha dos novos comandantes, a presidente Dilma fez reuni\u00f5es na manh\u00e3 e na tarde desta quarta, no Pal\u00e1cio do Planalto, com o ministro da Defesa, Jaques Wagner, chefe das For\u00e7as Armadas, segundo informou a Secretaria de Imprensa.<\/p>\n<p>Enzo Peri, J\u00falio Moura Neto e Juniti Saito estavam \u00e0 frente das tr\u00eas for\u00e7as desde fevereiro de 2007, no governo do ex-presidente Luiz In\u00e1cio Lula da Silva. Eles permaneceram nos cargos ap\u00f3s a elei\u00e7\u00e3o da presidente Dilma Rousseff para o primeiro mandato, em 2011.<\/p>\n<p><strong>Ex\u00e9rcito<\/strong><\/p>\n<p>O general Eduardo Dias da Costa Villas B\u00f4as foi comandante militar na Amaz\u00f4nia e atualmente trabalha na chefia do Comando de Opera\u00e7\u00f5es Terrestres (Coter), coordenando todas as opera\u00e7\u00f5es militares em territ\u00f3rio nacional.<\/p>\n<p><strong>Marinha<\/strong><\/p>\n<p>O almirante Eduardo Bacellar Leal Ferreira \u00e9 carioca e atual comandante da Escola Superior de Guerra (ESG). Ele entrou na Marinha em 1971, pela Escola Naval, e exerceu, ao longo dos \u00faltimos 43 anos, cargos como o de chefe do Estado-Maior da Esquadra, comandante do 7\u00ba Distrito Naval e diretor de Portos e Costas.<\/p>\n<p><strong>Aeron\u00e1utica<\/strong><\/p>\n<p>O brigadeiro Nivaldo Luiz Rossato tem mais de 3,5 mil horas de voo e ingressou na For\u00e7a A\u00e9rea em mar\u00e7o de 1969. Na For\u00e7a A\u00e9rea Brasileira (FAB), chefiou a Dire\u00e7\u00e3o de Organiza\u00e7\u00e3o e o Comando-Geral de Opera\u00e7\u00f5es A\u00e9reas, al\u00e9m do Departamento de Ensino da Aeron\u00e1utica.<\/p>\n<p>Leia abaixo a \u00edntegra da nota oficial divulgada pela Secretaria de Imprensa da Presid\u00eancia:<\/p>\n<p><strong>NOTA OFICIAL<\/strong><\/p>\n<p><em>A presidenta Dilma Rousseff anunciou hoje, 7 de janeiro, os nomes dos novos comandantes das For\u00e7as Armadas: Almirante Eduardo Bacellar Leal Ferreira (Marinha), General Eduardo Dias da Costa Villas B\u00f4as (Ex\u00e9rcito) e o Brigadeiro Nivaldo Luiz Rossato (Aeron\u00e1utica).<\/em><\/p>\n<p><em>A presidenta agradeceu a compet\u00eancia e a dedica\u00e7\u00e3o dos ex-comandantes Almirante Julio Soares de Moura Neto (Marinha), General Enzo Martins Peri (Ex\u00e9rcito) e Brigadeiro Juniti Saito (Aeron\u00e1utica).<\/em><\/p>\n<p style=\"text-align: right;\">Secretaria de Imprensa<\/p>\n<p style=\"text-align: right;\">Secretaria de Comunica\u00e7\u00e3o Social<\/p>\n<p style=\"text-align: left;\">\u00a0 \u00a0 \u00a0 \u00a0 \u00a0 \u00a0 \u00a0 \u00a0 \u00a0 \u00a0 \u00a0 \u00a0 \u00a0 \u00a0 \u00a0 \u00a0 \u00a0 \u00a0 \u00a0 \u00a0 \u00a0 \u00a0 \u00a0 \u00a0 \u00a0 \u00a0 \u00a0 \u00a0 \u00a0 \u00a0 \u00a0 \u00a0 \u00a0 \u00a0 \u00a0 \u00a0 \u00a0 \u00a0 \u00a0 \u00a0 \u00a0 \u00a0 \u00a0 \u00a0 \u00a0 \u00a0 \u00a0 \u00a0 \u00a0 \u00a0 \u00a0 \u00a0 \u00a0 \u00a0 \u00a0Presid\u00eancia da Rep\u00fablica<\/p>\n<p>Fonte: G1 \/ Fotos: Divulga\u00e7\u00e3o\/Escola Superior de Guerra\/Ag\u00eancia For\u00e7a A\u00e9rea<\/p>\n","protected":false},"excerpt":{"rendered":"<p>General Villas B\u00f4as assume Ex\u00e9rcito; almirante Leal Ferreira, a Marinha. Brigadeiro Nivaldo Luiz Rossato foi nomeado para a Aeron\u00e1utica O Pal\u00e1cio do Planalto anunciou nesta&#8230;<\/p>\n","protected":false},"author":1182,"featured_media":9991,"comment_status":"closed","ping_status":"closed","sticky":false,"template":"","format":"standard","meta":{"footnotes":""},"categories":[6],"tags":[],"class_list":["post-9989","post","type-post","status-publish","format-standard","has-post-thumbnail","hentry","category-noticias"],"_links":{"self":[{"href":"https:\/\/www.sincomam.org.br\/index.php\/wp-json\/wp\/v2\/posts\/9989","targetHints":{"allow":["GET"]}}],"collection":[{"href":"https:\/\/www.sincomam.org.br\/index.php\/wp-json\/wp\/v2\/posts"}],"about":[{"href":"https:\/\/www.sincomam.org.br\/index.php\/wp-json\/wp\/v2\/types\/post"}],"author":[{"embeddable":true,"href":"https:\/\/www.sincomam.org.br\/index.php\/wp-json\/wp\/v2\/users\/1182"}],"replies":[{"embeddable":true,"href":"https:\/\/www.sincomam.org.br\/index.php\/wp-json\/wp\/v2\/comments?post=9989"}],"version-history":[{"count":3,"href":"https:\/\/www.sincomam.org.br\/index.php\/wp-json\/wp\/v2\/posts\/9989\/revisions"}],"predecessor-version":[{"id":9994,"href":"https:\/\/www.sincomam.org.br\/index.php\/wp-json\/wp\/v2\/posts\/9989\/revisions\/9994"}],"wp:featuredmedia":[{"embeddable":true,"href":"https:\/\/www.sincomam.org.br\/index.php\/wp-json\/wp\/v2\/media\/9991"}],"wp:attachment":[{"href":"https:\/\/www.sincomam.org.br\/index.php\/wp-json\/wp\/v2\/media?parent=9989"}],"wp:term":[{"taxonomy":"category","embeddable":true,"href":"https:\/\/www.sincomam.org.br\/index.php\/wp-json\/wp\/v2\/categories?post=9989"},{"taxonomy":"post_tag","embeddable":true,"href":"https:\/\/www.sincomam.org.br\/index.php\/wp-json\/wp\/v2\/tags?post=9989"}],"curies":[{"name":"wp","href":"https:\/\/api.w.org\/{rel}","templated":true}]}}