{"id":9973,"date":"2015-01-08T09:45:38","date_gmt":"2015-01-08T11:45:38","guid":{"rendered":"http:\/\/www.sincomam.org.br\/?p=9973"},"modified":"2015-01-08T09:45:38","modified_gmt":"2015-01-08T11:45:38","slug":"numero-de-casos-de-febre-chikungunya-no-brasil-aumenta-65-em-um-mes-e-meio","status":"publish","type":"post","link":"https:\/\/www.sincomam.org.br\/index.php\/numero-de-casos-de-febre-chikungunya-no-brasil-aumenta-65-em-um-mes-e-meio\/","title":{"rendered":"N\u00famero de casos de Febre Chikungunya no Brasil aumenta 65% em um m\u00eas e meio"},"content":{"rendered":"<p>O n\u00famero de casos de Febre Chikungunya no Brasil aumentou 65% num per\u00edodo de um m\u00eas e meio. Boletim divulgado nesta quarta-feira (7), com registros at\u00e9 27 de dezembro, mostra que at\u00e9 agora foram contabilizados 2.258 pacientes com a doen\u00e7a, provocada por um v\u00edrus transmitido pela picada dos mosquitos Aedes aegypi e Aedes albopictus. No boletim anterior, com dados at\u00e9 15 de novembro, haviam sido contabilizadas 1.364 contamina\u00e7\u00f5es.<\/p>\n<p>Al\u00e9m 894 casos, o boletim mostra que a doen\u00e7a se alastra. Agora infec\u00e7\u00f5es ocorreram no Amap\u00e1 (1.146 casos), Bahia (1.015), Mato Grosso do Sul (um), Mato Grosso do Sul (um). O Distrito Federal agora tamb\u00e9m aparece nas estat\u00edsticas, com tr\u00eas casos. Chamada de &#8220;prima da dengue&#8221;, a febre Chikungunya provoca febre alta, dor muscular e nas articula\u00e7\u00f5es e manchas pelo corpo. Raramente a doen\u00e7a provoca a morte. No entanto, uma parcela dos pacientes, em raz\u00e3o das dores intensas nas articula\u00e7\u00f5es, precisam se submeter durante meses a tratamentos de fisioterapia.<\/p>\n<p>A preven\u00e7\u00e3o da doen\u00e7a \u00e9 a mesma da dengue. O boletim divulgado ontem pelo minist\u00e9rio mostra tamb\u00e9m ter havido uma redu\u00e7\u00e3o dos casos de dengue ano passado em compara\u00e7\u00e3o a 2013. Foram 1,4 milh\u00e3o de casos em 2013 contra 587,8 mil em 2014. A regi\u00e3o Sudeste apresentou maior queda (66,1%), passando de 918.2 mil, em 2013, para 310.8 mil, em 2014. Na regi\u00e3o Norte, o n\u00famero de casos n\u00e3o se alterou de forma expressiva. Ano passado, foram 49,1 mil, 434 casos a menos que em 2013.<\/p>\n<p>Fonte: Jornal do Com\u00e9rcio \/ Estad\u00e3o Conte\u00fado<\/p>\n","protected":false},"excerpt":{"rendered":"<p>O n\u00famero de casos de Febre Chikungunya no Brasil aumentou 65% num per\u00edodo de um m\u00eas e meio. Boletim divulgado nesta quarta-feira (7), com registros&#8230;<\/p>\n","protected":false},"author":1182,"featured_media":9475,"comment_status":"closed","ping_status":"closed","sticky":false,"template":"","format":"standard","meta":{"footnotes":""},"categories":[6],"tags":[],"class_list":["post-9973","post","type-post","status-publish","format-standard","has-post-thumbnail","hentry","category-noticias"],"_links":{"self":[{"href":"https:\/\/www.sincomam.org.br\/index.php\/wp-json\/wp\/v2\/posts\/9973","targetHints":{"allow":["GET"]}}],"collection":[{"href":"https:\/\/www.sincomam.org.br\/index.php\/wp-json\/wp\/v2\/posts"}],"about":[{"href":"https:\/\/www.sincomam.org.br\/index.php\/wp-json\/wp\/v2\/types\/post"}],"author":[{"embeddable":true,"href":"https:\/\/www.sincomam.org.br\/index.php\/wp-json\/wp\/v2\/users\/1182"}],"replies":[{"embeddable":true,"href":"https:\/\/www.sincomam.org.br\/index.php\/wp-json\/wp\/v2\/comments?post=9973"}],"version-history":[{"count":1,"href":"https:\/\/www.sincomam.org.br\/index.php\/wp-json\/wp\/v2\/posts\/9973\/revisions"}],"predecessor-version":[{"id":9974,"href":"https:\/\/www.sincomam.org.br\/index.php\/wp-json\/wp\/v2\/posts\/9973\/revisions\/9974"}],"wp:featuredmedia":[{"embeddable":true,"href":"https:\/\/www.sincomam.org.br\/index.php\/wp-json\/wp\/v2\/media\/9475"}],"wp:attachment":[{"href":"https:\/\/www.sincomam.org.br\/index.php\/wp-json\/wp\/v2\/media?parent=9973"}],"wp:term":[{"taxonomy":"category","embeddable":true,"href":"https:\/\/www.sincomam.org.br\/index.php\/wp-json\/wp\/v2\/categories?post=9973"},{"taxonomy":"post_tag","embeddable":true,"href":"https:\/\/www.sincomam.org.br\/index.php\/wp-json\/wp\/v2\/tags?post=9973"}],"curies":[{"name":"wp","href":"https:\/\/api.w.org\/{rel}","templated":true}]}}