{"id":9969,"date":"2015-01-08T09:25:01","date_gmt":"2015-01-08T11:25:01","guid":{"rendered":"http:\/\/www.sincomam.org.br\/?p=9969"},"modified":"2015-01-08T09:25:01","modified_gmt":"2015-01-08T11:25:01","slug":"terminal-de-passageiros-no-porto-do-mucuripe-deve-ser-inaugurado-dia-30","status":"publish","type":"post","link":"https:\/\/www.sincomam.org.br\/index.php\/terminal-de-passageiros-no-porto-do-mucuripe-deve-ser-inaugurado-dia-30\/","title":{"rendered":"Terminal de passageiros no Porto do Mucuripe deve ser inaugurado dia 30"},"content":{"rendered":"<p>O Novo Terminal Mar\u00edtimo de Passageiros do Porto de Fortaleza dever\u00e1 ser inaugurado no dia 30 de janeiro, segundo informou ontem a Secretaria Especial de Portos (SEP). A obra encontra-se com 99,4% de execu\u00e7\u00e3o, de acordo com medi\u00e7\u00e3o realizada em 30 de\u00a0 dezembro de 2014.<\/p>\n<p>O terminal compreende uma nova esta\u00e7\u00e3o de passageiros, um novo cais de atraca\u00e7\u00e3o e uma retro\u00e1rea de 40 mil m\u00b2 para armazenagem de cargas na \u00e1rea da Praia Mansa.<\/p>\n<p>Inicialmente, a conclus\u00e3o da obra estava prevista para dezembro de 2013. Mas, mesmo inconcluso, o terminal come\u00e7ou a operar em junho de 2014, durante a Copa do Mundo.<\/p>\n<p>De acordo com a Companhia Docas do Cear\u00e1 (CDC), o equipamento est\u00e1 em fase final dos servi\u00e7os de infraestrutura de climatiza\u00e7\u00e3o, el\u00e9trica e hidr\u00e1ulica, instala\u00e7\u00e3o do forro interno e externo, acabamento do piso e parede, bem como finaliza\u00e7\u00e3o da aplica\u00e7\u00e3o da pele de vidro.<\/p>\n<p>Durante a Copa do Mundo, o terminal recebeu o navio MSC Divina, e no final do ano passado outras duas embarca\u00e7\u00f5es: MSC Lirica e Seabourn Quest. E at\u00e9 mar\u00e7o, s\u00e3o esperadas cerca de dez atraca\u00e7\u00f5es.<\/p>\n<p>Em novembro, o diretor de obras e servi\u00e7os da (SEP), Alber Furtado de Vasconcelos Neto, disse ao O POVO que os atrasos aconteceram por imprevistos naturais, o que teria provocado mudan\u00e7as na execu\u00e7\u00e3o dos trabalhos.<\/p>\n<p>A CDC ainda aguarda o posicionamento do Governo Federal sobre o lan\u00e7amento do edital para a dragagem do novo ber\u00e7o de atraca\u00e7\u00e3o, cuja obra \u00e9 de responsabilidade da SEP. Em per\u00edodo de baixa esta\u00e7\u00e3o, navios de carga tamb\u00e9m poder\u00e3o atracar no local.<\/p>\n<p>O terminal de passageiros \u00e9 operado atualmente pela CDC, mas h\u00e1 planos para que o equipamento seja administrado pela iniciativa privada. (com assessoria de comunica\u00e7\u00e3o da Companhia Docas do Cear\u00e1)<\/p>\n<p>Fonte: O Povo (CE)\/Bruno Cabral<\/p>\n","protected":false},"excerpt":{"rendered":"<p>O Novo Terminal Mar\u00edtimo de Passageiros do Porto de Fortaleza dever\u00e1 ser inaugurado no dia 30 de janeiro, segundo informou ontem a Secretaria Especial de&#8230;<\/p>\n","protected":false},"author":1182,"featured_media":5424,"comment_status":"closed","ping_status":"closed","sticky":false,"template":"","format":"standard","meta":{"footnotes":""},"categories":[6],"tags":[],"class_list":["post-9969","post","type-post","status-publish","format-standard","has-post-thumbnail","hentry","category-noticias"],"_links":{"self":[{"href":"https:\/\/www.sincomam.org.br\/index.php\/wp-json\/wp\/v2\/posts\/9969","targetHints":{"allow":["GET"]}}],"collection":[{"href":"https:\/\/www.sincomam.org.br\/index.php\/wp-json\/wp\/v2\/posts"}],"about":[{"href":"https:\/\/www.sincomam.org.br\/index.php\/wp-json\/wp\/v2\/types\/post"}],"author":[{"embeddable":true,"href":"https:\/\/www.sincomam.org.br\/index.php\/wp-json\/wp\/v2\/users\/1182"}],"replies":[{"embeddable":true,"href":"https:\/\/www.sincomam.org.br\/index.php\/wp-json\/wp\/v2\/comments?post=9969"}],"version-history":[{"count":1,"href":"https:\/\/www.sincomam.org.br\/index.php\/wp-json\/wp\/v2\/posts\/9969\/revisions"}],"predecessor-version":[{"id":9970,"href":"https:\/\/www.sincomam.org.br\/index.php\/wp-json\/wp\/v2\/posts\/9969\/revisions\/9970"}],"wp:featuredmedia":[{"embeddable":true,"href":"https:\/\/www.sincomam.org.br\/index.php\/wp-json\/wp\/v2\/media\/5424"}],"wp:attachment":[{"href":"https:\/\/www.sincomam.org.br\/index.php\/wp-json\/wp\/v2\/media?parent=9969"}],"wp:term":[{"taxonomy":"category","embeddable":true,"href":"https:\/\/www.sincomam.org.br\/index.php\/wp-json\/wp\/v2\/categories?post=9969"},{"taxonomy":"post_tag","embeddable":true,"href":"https:\/\/www.sincomam.org.br\/index.php\/wp-json\/wp\/v2\/tags?post=9969"}],"curies":[{"name":"wp","href":"https:\/\/api.w.org\/{rel}","templated":true}]}}