{"id":9957,"date":"2015-01-07T15:44:25","date_gmt":"2015-01-07T17:44:25","guid":{"rendered":"http:\/\/www.sincomam.org.br\/?p=9957"},"modified":"2015-01-07T15:44:25","modified_gmt":"2015-01-07T17:44:25","slug":"internacional-atentado-a-sede-do-jornal-satirico-frances-charlie-hebdo","status":"publish","type":"post","link":"https:\/\/www.sincomam.org.br\/index.php\/internacional-atentado-a-sede-do-jornal-satirico-frances-charlie-hebdo\/","title":{"rendered":"Internacional: atentado \u00e0 sede do jornal sat\u00edrico franc\u00eas &#8220;Charlie Hebdo&#8221;"},"content":{"rendered":"<p><strong><em>Dilma classifica ataque em Paris como \u201csangrento e intoler\u00e1vel\u201d<\/em><\/strong><\/p>\n<p>A presidente Dilma Rousseff lamentou nesta quarta-feira (7) o atentado \u00e0 sede do jornal sat\u00edrico franc\u00eas <em>&#8220;Charlie Hebdo&#8221;<\/em> que deixou 12 mortos na manh\u00e3 de hoje em Paris.<\/p>\n<p>Para a presidente, al\u00e9m das perdas humanas, o atentado representa tamb\u00e9m um ataque \u00e0 liberdade de imprensa.<\/p>\n<p>Em nota oficial, Dilma afirmou que foi com &#8220;profundo pesar e indigna\u00e7\u00e3o&#8221; que recebeu a not\u00edcia sobre o &#8220;sangrento e intoler\u00e1vel atentado terrorista&#8221; realizado contra a sede da revista.<\/p>\n<p>&#8220;Esse ato de barb\u00e1rie, al\u00e9m das lastim\u00e1veis perdas humanas, \u00e9 um inaceit\u00e1vel ataque a um valor fundamental das sociedades democr\u00e1ticas &#8211;a liberdade de imprensa&#8221;, afirmou a presidente.<\/p>\n<p>Dilma tamb\u00e9m prestou condol\u00eancias aos familiares das v\u00edtimas e expressou a solidariedade do povo brasileiro ao presidente Fran\u00e7ois Hollande e ao povo franc\u00eas.<\/p>\n<p>&#8220;Neste momento de dor e sofrimento, desejo estender aos familiares das v\u00edtimas minhas condol\u00eancias. Quero expressar, igualmente ao Presidente Hollande e ao povo franc\u00eas a solidariedade de meu governo e da na\u00e7\u00e3o brasileira&#8221;, afirmou.<\/p>\n<p><strong>Leia a \u00edntegra da nota: <\/strong><\/p>\n<p>Foi com profundo pesar e indigna\u00e7\u00e3o que tomei conhecimento do sangrento e intoler\u00e1vel atentado terrorista ocorrido nesta quarta-feira, 7 de janeiro, contra a sede da revista &#8220;Charlie Hebdo&#8221;, em Paris. Esse ato de barb\u00e1rie, al\u00e9m das lastim\u00e1veis perdas humanas, \u00e9 um inaceit\u00e1vel ataque a um valor fundamental das sociedades democr\u00e1ticas &#8211; a liberdade de imprensa.<\/p>\n<p>Nesse momento de dor e sofrimento, desejo estender aos familiares das v\u00edtimas minhas condol\u00eancias. Quero expressar, igualmente ao Presidente Hollande e ao povo franc\u00eas a solidariedade de meu governo e da na\u00e7\u00e3o brasileira.<\/p>\n<p style=\"text-align: right;\">Dilma Rousseff<\/p>\n<p style=\"text-align: right;\">Presidenta da Rep\u00fablica Federativa do Brasil<\/p>\n<p>Fonte: Folhapress<\/p>\n","protected":false},"excerpt":{"rendered":"<p>Dilma classifica ataque em Paris como \u201csangrento e intoler\u00e1vel\u201d A presidente Dilma Rousseff lamentou nesta quarta-feira (7) o atentado \u00e0 sede do jornal sat\u00edrico franc\u00eas&#8230;<\/p>\n","protected":false},"author":1182,"featured_media":9958,"comment_status":"closed","ping_status":"closed","sticky":false,"template":"","format":"standard","meta":{"footnotes":""},"categories":[6],"tags":[],"class_list":["post-9957","post","type-post","status-publish","format-standard","has-post-thumbnail","hentry","category-noticias"],"_links":{"self":[{"href":"https:\/\/www.sincomam.org.br\/index.php\/wp-json\/wp\/v2\/posts\/9957","targetHints":{"allow":["GET"]}}],"collection":[{"href":"https:\/\/www.sincomam.org.br\/index.php\/wp-json\/wp\/v2\/posts"}],"about":[{"href":"https:\/\/www.sincomam.org.br\/index.php\/wp-json\/wp\/v2\/types\/post"}],"author":[{"embeddable":true,"href":"https:\/\/www.sincomam.org.br\/index.php\/wp-json\/wp\/v2\/users\/1182"}],"replies":[{"embeddable":true,"href":"https:\/\/www.sincomam.org.br\/index.php\/wp-json\/wp\/v2\/comments?post=9957"}],"version-history":[{"count":1,"href":"https:\/\/www.sincomam.org.br\/index.php\/wp-json\/wp\/v2\/posts\/9957\/revisions"}],"predecessor-version":[{"id":9959,"href":"https:\/\/www.sincomam.org.br\/index.php\/wp-json\/wp\/v2\/posts\/9957\/revisions\/9959"}],"wp:featuredmedia":[{"embeddable":true,"href":"https:\/\/www.sincomam.org.br\/index.php\/wp-json\/wp\/v2\/media\/9958"}],"wp:attachment":[{"href":"https:\/\/www.sincomam.org.br\/index.php\/wp-json\/wp\/v2\/media?parent=9957"}],"wp:term":[{"taxonomy":"category","embeddable":true,"href":"https:\/\/www.sincomam.org.br\/index.php\/wp-json\/wp\/v2\/categories?post=9957"},{"taxonomy":"post_tag","embeddable":true,"href":"https:\/\/www.sincomam.org.br\/index.php\/wp-json\/wp\/v2\/tags?post=9957"}],"curies":[{"name":"wp","href":"https:\/\/api.w.org\/{rel}","templated":true}]}}