{"id":9938,"date":"2015-01-07T08:29:39","date_gmt":"2015-01-07T10:29:39","guid":{"rendered":"http:\/\/www.sincomam.org.br\/?p=9938"},"modified":"2015-01-07T08:29:39","modified_gmt":"2015-01-07T10:29:39","slug":"termina-protesto-de-pescadores-em-santa-catarina-grupo-cercava-navio-com-23-mil-passageiros","status":"publish","type":"post","link":"https:\/\/www.sincomam.org.br\/index.php\/termina-protesto-de-pescadores-em-santa-catarina-grupo-cercava-navio-com-23-mil-passageiros\/","title":{"rendered":"Termina protesto de pescadores em Santa Catarina; grupo cercava navio com 2,3 mil passageiros"},"content":{"rendered":"<p><strong><em>Transatl\u00e2ntico com bandeira maltesa deixaria a cidade na noite de segunda-feira. Pescadores s\u00e3o contra portaria do Minist\u00e9rio do Meio Ambiente que pro\u00edbe a captura de diversas esp\u00e9cies amea\u00e7adas de extin\u00e7\u00e3o<\/em><\/strong><\/p>\n<p>Terminou na tarde desta ter\u00e7a-feira, ap\u00f3s cerca de 30 horas, o protesto organizado por pescadores e representantes das empresas de pesca de Itaja\u00ed, litoral norte de Santa Catarina, que bloqueava o canal Itaja\u00ed-a\u00e7\u00fa, que d\u00e1 acesso ao complexo portu\u00e1rio da cidade. Em meio \u00e0 manifesta\u00e7\u00e3o, um transatl\u00e2ntico foi impedido de sair do terminal de passageiros. Cerca de 2,3 mil pessoas que j\u00e1 haviam feito os despachos de embarque na Alf\u00e2ndega n\u00e3o poderam deixar a embarca\u00e7\u00e3o de bandeira maltesa, informou um funcion\u00e1rio do prefeitura de Itaja\u00ed. Os pescadores protestavam contra a portaria 445 do Minist\u00e9rio do Meio Ambiente, que pro\u00edbe a captura de diversas esp\u00e9cies amea\u00e7adas de extin\u00e7\u00e3o. Eles querem a revoga\u00e7\u00e3o da medida imediatamente, pois defendem que haver\u00e1 preju\u00edzos ao setor.<\/p>\n<p>O ingresso ao terminal portu\u00e1rio chegou a ficar fechado por cerca de 100 embarca\u00e7\u00f5es pesqueiras. O grupo descumprira na manh\u00e3 desta ter\u00e7a-feira a decis\u00e3o da Justi\u00e7a estadual que determinou, na noite desta segunda-feira, a desobstru\u00e7\u00e3o imediata do canal.<\/p>\n<p>Por volta das 15h30m, com a promessa de que os manifestantes participariam, em Bras\u00edlia, de um grupo de trabalho para discutir assunto, o comando de greve dos sindicatos dos armadores e dos pescadores anunciou \u00e0s 15h30m o fim do protesto.<\/p>\n<p>A Pullmantur Cruzeiros, empresa que opera o transatl\u00e2ntico Empress, com sede em Madri, emitiu uma nota em que lamenta os inconvenientes causados.<\/p>\n<p>A coordena\u00e7\u00e3o do Centro de Pesquisa e Conserva\u00e7\u00e3o da Biodiversidade Marinha do Sudeste e Sul (Cepsul) e o Centro Especializado do Instituto Chico Mendes de Conserva\u00e7\u00e3o da Biodiversidade (ICMBio), com sede em Itaja\u00ed, registraram ocorr\u00eancia na Pol\u00edcia Civil sobre um poss\u00edvel ataque, com roj\u00f5es, ao navio de pesquisa Soloncy Moura.<\/p>\n<p>Segundo o coordenador substituto do Cepsul, Felipe Albanez, foram duas duzias de fogos de artif\u00edcio que passaram pr\u00f3ximas ao comandante da embarca\u00e7\u00e3o e atingiram o casco e o conv\u00e9s. Para ele, foi um ato criminoso.<\/p>\n<p>&#8211; \u00c9 um ato criminosos de alguns poucos. Protestar \u00e9 justo, \u00e9 democr\u00e1tico, mas aterrorizar as pessoas ao jogar roj\u00f5es de forma proposital e direcionada \u00e9 criminoso.<\/p>\n<p>O coordenador disse que a Cepsul faz pesquisa de esp\u00e9cies em extin\u00e7\u00e3o. Mas n\u00e3o quis falar sobre a portaria do Minist\u00e9rio do Meio Ambiente. Ele n\u00e3o participa dessa pesquisa, mas afirmou que o estudo \u00e9 feito por v\u00e1rios pesquisadores do Brasil.<\/p>\n<p>A multa di\u00e1ria estabelecida pela justi\u00e7a pelo descumprimento da liminar \u00e9 de R$ 50 mil. A Capitania dos Portos tamb\u00e9m vai aplicar multa a cada embarca\u00e7\u00e3o por interromper o tr\u00e1fego ao porto, com valores que podem variar de R$ 40,00 a R$ 1.600,00.<\/p>\n<p>Segundo a assessoria de imprensa do Complexo Portu\u00e1rio de Itaja\u00ed, dois navios, al\u00e9m do transatl\u00e2ntico, n\u00e3o conseguiram sair e chegar ontem ao cais e hoje estavam previstas mais seis opera\u00e7\u00f5es. Informou ainda que, de acordo com os armadores, um dia de navio parado representa preju\u00edzo entre US$ 15 mil e 50 mil.<\/p>\n<p>Fonte: O Globo<\/p>\n","protected":false},"excerpt":{"rendered":"<p>Transatl\u00e2ntico com bandeira maltesa deixaria a cidade na noite de segunda-feira. Pescadores s\u00e3o contra portaria do Minist\u00e9rio do Meio Ambiente que pro\u00edbe a captura de&#8230;<\/p>\n","protected":false},"author":1182,"featured_media":9940,"comment_status":"closed","ping_status":"closed","sticky":false,"template":"","format":"standard","meta":{"footnotes":""},"categories":[6],"tags":[],"class_list":["post-9938","post","type-post","status-publish","format-standard","has-post-thumbnail","hentry","category-noticias"],"_links":{"self":[{"href":"https:\/\/www.sincomam.org.br\/index.php\/wp-json\/wp\/v2\/posts\/9938","targetHints":{"allow":["GET"]}}],"collection":[{"href":"https:\/\/www.sincomam.org.br\/index.php\/wp-json\/wp\/v2\/posts"}],"about":[{"href":"https:\/\/www.sincomam.org.br\/index.php\/wp-json\/wp\/v2\/types\/post"}],"author":[{"embeddable":true,"href":"https:\/\/www.sincomam.org.br\/index.php\/wp-json\/wp\/v2\/users\/1182"}],"replies":[{"embeddable":true,"href":"https:\/\/www.sincomam.org.br\/index.php\/wp-json\/wp\/v2\/comments?post=9938"}],"version-history":[{"count":1,"href":"https:\/\/www.sincomam.org.br\/index.php\/wp-json\/wp\/v2\/posts\/9938\/revisions"}],"predecessor-version":[{"id":9941,"href":"https:\/\/www.sincomam.org.br\/index.php\/wp-json\/wp\/v2\/posts\/9938\/revisions\/9941"}],"wp:featuredmedia":[{"embeddable":true,"href":"https:\/\/www.sincomam.org.br\/index.php\/wp-json\/wp\/v2\/media\/9940"}],"wp:attachment":[{"href":"https:\/\/www.sincomam.org.br\/index.php\/wp-json\/wp\/v2\/media?parent=9938"}],"wp:term":[{"taxonomy":"category","embeddable":true,"href":"https:\/\/www.sincomam.org.br\/index.php\/wp-json\/wp\/v2\/categories?post=9938"},{"taxonomy":"post_tag","embeddable":true,"href":"https:\/\/www.sincomam.org.br\/index.php\/wp-json\/wp\/v2\/tags?post=9938"}],"curies":[{"name":"wp","href":"https:\/\/api.w.org\/{rel}","templated":true}]}}