{"id":9920,"date":"2015-01-06T08:19:09","date_gmt":"2015-01-06T10:19:09","guid":{"rendered":"http:\/\/www.sincomam.org.br\/?p=9920"},"modified":"2015-01-05T23:48:40","modified_gmt":"2015-01-06T01:48:40","slug":"inscricoes-para-o-sisu-estarao-abertas-a-partir-de-19-de-janeiro","status":"publish","type":"post","link":"https:\/\/www.sincomam.org.br\/index.php\/inscricoes-para-o-sisu-estarao-abertas-a-partir-de-19-de-janeiro\/","title":{"rendered":"Inscri\u00e7\u00f5es para o Sisu estar\u00e3o abertas a partir de 19 de janeiro"},"content":{"rendered":"<p>A partir do dia 19 de janeiro estar\u00e3o abertas as inscri\u00e7\u00f5es para a primeira edi\u00e7\u00e3o de 2015 do Sistema de Sele\u00e7\u00e3o Unificada (Sisu). As inscri\u00e7\u00f5es ser\u00e3o feitas exclusivamente pela internet no site www.sisu.mec.gov.br e o prazo se encerra no dia 22 de janeiro. O resultado ser\u00e1 divulgado no final de janeiro. O edital desta edi\u00e7\u00e3o do Sisu est\u00e1 publicado hoje (5) no Di\u00e1rio Oficial da Uni\u00e3o.<\/p>\n<p>Poder\u00e1 se inscrever quem fez o Exame Nacional do Ensino M\u00e9dio (Enem) de 2014 e n\u00e3o tirou nota zero na reda\u00e7\u00e3o. Por meio do Sisu, os estudantes participantes do Enem concorrem a vagas de ensino superior em institui\u00e7\u00f5es p\u00fablicas.<\/p>\n<p>Ao se inscrever no Sisu, o participante pode escolher at\u00e9 duas op\u00e7\u00f5es de curso, por ordem de prefer\u00eancia. \u00c9 poss\u00edvel mudar essas op\u00e7\u00f5es durante todo o per\u00edodo de inscri\u00e7\u00e3o. O candidato tamb\u00e9m precisa definir se deseja concorrer \u00e0s vagas de ampla concorr\u00eancia, \u00e0s vagas reservadas \u00e0 lei federal de cotas ou \u00e0s vagas destinadas \u00e0s demais pol\u00edticas afirmativas das institui\u00e7\u00f5es.<\/p>\n<p>O resultado da chamada regular do Sisu ser\u00e1 divulgado no dia 26 de janeiro e a matr\u00edcula dever\u00e1 ser feita nos dias 30 de janeiro, 2 e 3 de fevereiro. N\u00e3o haver\u00e1 segunda chamada, como ocorreu nas edi\u00e7\u00f5es anteriores. Para participar da lista de espera, o estudante dever\u00e1 manifestar interesse na p\u00e1gina do Sisu, na internet, de 26 de janeiro a 6 de fevereiro. O estudante somente poder\u00e1 manifestar interesse na lista de espera para o curso correspondente a sua primeira op\u00e7\u00e3o.<\/p>\n<p>Fonte: Ag\u00eancia Brasil<\/p>\n","protected":false},"excerpt":{"rendered":"<p>A partir do dia 19 de janeiro estar\u00e3o abertas as inscri\u00e7\u00f5es para a primeira edi\u00e7\u00e3o de 2015 do Sistema de Sele\u00e7\u00e3o Unificada (Sisu). As inscri\u00e7\u00f5es&#8230;<\/p>\n","protected":false},"author":1182,"featured_media":3546,"comment_status":"closed","ping_status":"closed","sticky":false,"template":"","format":"standard","meta":{"footnotes":""},"categories":[6],"tags":[],"class_list":["post-9920","post","type-post","status-publish","format-standard","has-post-thumbnail","hentry","category-noticias"],"_links":{"self":[{"href":"https:\/\/www.sincomam.org.br\/index.php\/wp-json\/wp\/v2\/posts\/9920","targetHints":{"allow":["GET"]}}],"collection":[{"href":"https:\/\/www.sincomam.org.br\/index.php\/wp-json\/wp\/v2\/posts"}],"about":[{"href":"https:\/\/www.sincomam.org.br\/index.php\/wp-json\/wp\/v2\/types\/post"}],"author":[{"embeddable":true,"href":"https:\/\/www.sincomam.org.br\/index.php\/wp-json\/wp\/v2\/users\/1182"}],"replies":[{"embeddable":true,"href":"https:\/\/www.sincomam.org.br\/index.php\/wp-json\/wp\/v2\/comments?post=9920"}],"version-history":[{"count":1,"href":"https:\/\/www.sincomam.org.br\/index.php\/wp-json\/wp\/v2\/posts\/9920\/revisions"}],"predecessor-version":[{"id":9921,"href":"https:\/\/www.sincomam.org.br\/index.php\/wp-json\/wp\/v2\/posts\/9920\/revisions\/9921"}],"wp:featuredmedia":[{"embeddable":true,"href":"https:\/\/www.sincomam.org.br\/index.php\/wp-json\/wp\/v2\/media\/3546"}],"wp:attachment":[{"href":"https:\/\/www.sincomam.org.br\/index.php\/wp-json\/wp\/v2\/media?parent=9920"}],"wp:term":[{"taxonomy":"category","embeddable":true,"href":"https:\/\/www.sincomam.org.br\/index.php\/wp-json\/wp\/v2\/categories?post=9920"},{"taxonomy":"post_tag","embeddable":true,"href":"https:\/\/www.sincomam.org.br\/index.php\/wp-json\/wp\/v2\/tags?post=9920"}],"curies":[{"name":"wp","href":"https:\/\/api.w.org\/{rel}","templated":true}]}}