{"id":9912,"date":"2015-01-06T08:19:13","date_gmt":"2015-01-06T10:19:13","guid":{"rendered":"http:\/\/www.sincomam.org.br\/?p=9912"},"modified":"2015-01-05T23:25:21","modified_gmt":"2015-01-06T01:25:21","slug":"acao-da-petrobras-cai-ao-menor-valor-em-11-anos-e-ja-perdeu-14-em-2015","status":"publish","type":"post","link":"https:\/\/www.sincomam.org.br\/index.php\/acao-da-petrobras-cai-ao-menor-valor-em-11-anos-e-ja-perdeu-14-em-2015\/","title":{"rendered":"A\u00e7\u00e3o da Petrobras cai ao menor valor em 11 anos e j\u00e1 perdeu 14% em 2015"},"content":{"rendered":"<p><strong><em>Bolsa fecha em queda de 2,05%; d\u00f3lar chega a R$ 2,73 mas encerra valendo R$ 2,70<\/em><\/strong><\/p>\n<p>A Petrobras n\u00e3o tem o que comemorar em 2015: o ano mal come\u00e7ou e as a\u00e7\u00f5es da estatal j\u00e1 ca\u00edram 14% na Bolsa, perdendo R$ 17,7 bilh\u00f5es em valor de mercado em apenas dois preg\u00f5es. Nesta segunda-feira, com preocupa\u00e7\u00f5es sobre a Gr\u00e9cia e desacelera\u00e7\u00e3o na China e informa\u00e7\u00f5es desencontrados do governo sobre ajustes na economia fizeram os pap\u00e9is da petrol\u00edfera despencarem ao menor valor em mais de 11 anos, encerrando cotadas bem abaixo de R$ 9. Com a queda forte da companhia, a Bolsa brasileira inicia a semana em terreno negativo. O Ibovespa, principal \u00edndice do mercado acion\u00e1rio local, caiu 2,05%, aos 47.516 pontos. J\u00e1 no mercado de c\u00e2mbio, o d\u00f3lar comercial avan\u00e7ava 0,59% ante o real, a R$ 2,707 na compra e a R$ 2,709 na venda. Na m\u00e1xima do dia, a moeda americana chegou a valer R$ 2,732.<\/p>\n<p>Na Gr\u00e9cia, a preocupa\u00e7\u00e3o \u00e9 que a crise pol\u00edtica gere instabilidade na regi\u00e3o, e j\u00e1 se especula a sa\u00edda do pa\u00eds da Uni\u00e3o Europeia. J\u00e1 na China o temor dos investidores \u00e9 de uma desacelera\u00e7\u00e3o ainda maior na economia do pa\u00eds asi\u00e1tico. Essa redu\u00e7\u00e3o no ritmo de crescimento tem afetado fortemente o pre\u00e7o de commodities, o que prejudica os pa\u00edses emergentes exportadores de mat\u00e9rias-primas, como o Brasil.<\/p>\n<p>O euro caiu ao seu menor valor contra o d\u00f3lar em quase nove anos. Al\u00e9m do temor de uma sa\u00edda grega, a moeda \u00e9 pressionada pelas especula\u00e7\u00f5es de que o Banco Central Europeu (BCE) est\u00e1 pr\u00f3ximo de iniciar um grande programa de compra de ativos para estimular a economia. No meio da tarde, a moeda europeia ca\u00eda 0,7% frente \u00e0 divisa americana, a US$ 1,191. O euro chegou a valer a US$ 1,186, menor valor desde mar\u00e7o de 2006.<\/p>\n<p>\u00c9 o menor pre\u00e7o das commodities, al\u00e9m das den\u00fancias de corrup\u00e7\u00e3o no \u00e2mbito da Lava Jato, que tem prejudicado o desempenho das a\u00e7\u00f5es da Petrobras, que j\u00e1 aprofundaram a queda no in\u00edcio da tarde. O pre\u00e7o do petr\u00f3leo tipo Brent opera novamente em queda, abaixo dos US$ 54 o barril. Os pap\u00e9is preferenciais da estatal fecharam em queda de 8,01%, a R$ 8,61, e os ordin\u00e1rios recuaram 8,11%, a R$ 8,27 \u2014 o menor valor desde 30 de setembro de 2003, quando fechou valendo R$ 8,23. O valor de mercado da companhia \u00e9 de R$ 109,7 bilh\u00f5es.<\/p>\n<p>\u2014 A principal for\u00e7a negativa nos mercados hoje \u00e9 a cota\u00e7\u00e3o do petr\u00f3leo, que cai com as perspectivas negativas de crescimento global e com o fato de os EUA prever se tornar exportador de petr\u00f3leo, algo in\u00e9dito \u2014 explicou Maur\u00edcio Pedrosa, estrategista da Queluz Asset Management.<\/p>\n<p>\u2014 A Petrobras \u00e9 afetada, al\u00e9m do pre\u00e7o do petr\u00f3leo, pelo fato de n\u00e3o haver qualquer altera\u00e7\u00e3o nos seus quadros mesmo diante de situa\u00e7\u00e3o t\u00e3o grave. A sensa\u00e7\u00e3o que d\u00e1 \u00e9 que, quem investe na companhia no longo prazo, est\u00e1 investindo no escuro \u2014 analisou Alvaro Bandeira, s\u00f3cio da \u00d3rama.<\/p>\n<p>Al\u00e9m dos fatores externos, Adriano Moreno, estrategista da Futura Invest, destaca uma influ\u00eancia negativa interna sobre o mercado.<\/p>\n<p>\u2014 Pegou muito mal a presidente Dilma ter desautorizado o ministro do Planejamento sobre mudan\u00e7as no c\u00e1lculo do reajuste do sal\u00e1rio m\u00ednimo. Isso aconteceu logo na virada do ano e deixou a sensa\u00e7\u00e3o de que talvez a autonomia da nova equipe econ\u00f4mica ser\u00e1 limitada \u2014 afirmou o analista.<\/p>\n<p>No final de semana, o ministro do Planejamento, Nelson Barbosa, precisou divulgar uma nota afirmando que a pol\u00edtica de reajuste n\u00e3o ser\u00e1 alterada ap\u00f3s a presidente Dilma Rousseff demonstrar descontentamento com as declara\u00e7\u00f5es.<\/p>\n<p>\u201cEm 24 horas a presidente j\u00e1 come\u00e7ou a tirar a autoridade dos principais ministros. Preocupante, at\u00e9 porque o sal\u00e1rio m\u00ednimo tem crescido acima do aumento de produtividade dos trabalhadores brasileiros\u201d, afirmou, em relat\u00f3rio a clientes, os analistas da Yield Capital.<\/p>\n<p>Apesar das press\u00f5es negativas, Adriano Moreno acredita que a Bolsa brasileira tem pouco espa\u00e7o para cair mais nos pr\u00f3ximos dias, uma vez que j\u00e1 vem de uma queda de 3% no primeiro preg\u00e3o do ano, na sexta-feira.<\/p>\n<p><strong>Setor de educa\u00e7\u00e3o sofre com mudan\u00e7a no FIES<\/strong><\/p>\n<p>Apesar de a valoriza\u00e7\u00e3o do d\u00f3lar ter sido global, mudan\u00e7as no programa de interven\u00e7\u00e3o do Banco Central tamb\u00e9m contribu\u00edram internamente para a tend\u00eancia. O BC anunciou no fim de dezembro que reduziria em 2015 de US$ 200 milh\u00f5es para R$ 100 milh\u00f5es a oferta di\u00e1ria de contratos de swap cambial \u2014 opera\u00e7\u00e3o equivalente \u00e0 venda de d\u00f3lares no mercado futuro e que busca desvalorizar a moeda estrangeira. O BC tamb\u00e9m disse que o programa vai vigorar por pelo quatro meses, em vez dos seis meses de a renova\u00e7\u00e3o que a autarquia vinha promovendo.<\/p>\n<p>Entre as a\u00e7\u00f5es, o Ibovespa operou em queda generalizada, com praticamente todas pap\u00e9is registrando desvaloriza\u00e7\u00e3o. Depois da Petrobras, a principal contribui\u00e7\u00e3o negativa veio da rede de universidades Kroton, que caiu 6,35%. As companhias do setor de educa\u00e7\u00e3o s\u00e3o afetadas pela mudan\u00e7a nas regras do Fies, programa de financiamento universit\u00e1rio do governo federal. A partir deste ano, os estudantes precisar\u00e3o atingir pelo menos 450 pontos no Exame Nacional do Ensino M\u00e9dio (Enem) e n\u00e3o zerar a reda\u00e7\u00e3o para conseguirem o financiamento. O programa responde por uma parcela importante das receitas das universidades privadas. A a\u00e7\u00e3o da Est\u00e1cio caiu 5,71%.<\/p>\n<p>Em cen\u00e1rio negativo para a economia global, a Vale registrou queda de 1,50% (ON) e 1,07% (PN). Outras \u201cblue chips\u201d (a\u00e7\u00f5es mais l\u00edquidas e importantes da Bolsa) tamb\u00e9m pressionaram o \u00edndice. A Ambev recuou 2,19%. O Banco do Brasil caiu 2,08%.<\/p>\n<p>Fonte: O Globo<\/p>\n","protected":false},"excerpt":{"rendered":"<p>Bolsa fecha em queda de 2,05%; d\u00f3lar chega a R$ 2,73 mas encerra valendo R$ 2,70 A Petrobras n\u00e3o tem o que comemorar em 2015:&#8230;<\/p>\n","protected":false},"author":1182,"featured_media":7658,"comment_status":"closed","ping_status":"closed","sticky":false,"template":"","format":"standard","meta":{"footnotes":""},"categories":[6],"tags":[],"class_list":["post-9912","post","type-post","status-publish","format-standard","has-post-thumbnail","hentry","category-noticias"],"_links":{"self":[{"href":"https:\/\/www.sincomam.org.br\/index.php\/wp-json\/wp\/v2\/posts\/9912","targetHints":{"allow":["GET"]}}],"collection":[{"href":"https:\/\/www.sincomam.org.br\/index.php\/wp-json\/wp\/v2\/posts"}],"about":[{"href":"https:\/\/www.sincomam.org.br\/index.php\/wp-json\/wp\/v2\/types\/post"}],"author":[{"embeddable":true,"href":"https:\/\/www.sincomam.org.br\/index.php\/wp-json\/wp\/v2\/users\/1182"}],"replies":[{"embeddable":true,"href":"https:\/\/www.sincomam.org.br\/index.php\/wp-json\/wp\/v2\/comments?post=9912"}],"version-history":[{"count":1,"href":"https:\/\/www.sincomam.org.br\/index.php\/wp-json\/wp\/v2\/posts\/9912\/revisions"}],"predecessor-version":[{"id":9913,"href":"https:\/\/www.sincomam.org.br\/index.php\/wp-json\/wp\/v2\/posts\/9912\/revisions\/9913"}],"wp:featuredmedia":[{"embeddable":true,"href":"https:\/\/www.sincomam.org.br\/index.php\/wp-json\/wp\/v2\/media\/7658"}],"wp:attachment":[{"href":"https:\/\/www.sincomam.org.br\/index.php\/wp-json\/wp\/v2\/media?parent=9912"}],"wp:term":[{"taxonomy":"category","embeddable":true,"href":"https:\/\/www.sincomam.org.br\/index.php\/wp-json\/wp\/v2\/categories?post=9912"},{"taxonomy":"post_tag","embeddable":true,"href":"https:\/\/www.sincomam.org.br\/index.php\/wp-json\/wp\/v2\/tags?post=9912"}],"curies":[{"name":"wp","href":"https:\/\/api.w.org\/{rel}","templated":true}]}}