{"id":9859,"date":"2015-01-05T08:00:56","date_gmt":"2015-01-05T10:00:56","guid":{"rendered":"http:\/\/www.sincomam.org.br\/?p=9859"},"modified":"2015-01-04T20:43:30","modified_gmt":"2015-01-04T22:43:30","slug":"dilma-da-posse-aos-39-ministros-para-o-segundo-mandato","status":"publish","type":"post","link":"https:\/\/www.sincomam.org.br\/index.php\/dilma-da-posse-aos-39-ministros-para-o-segundo-mandato\/","title":{"rendered":"Dilma d\u00e1 posse aos 39 ministros para o segundo mandato"},"content":{"rendered":"<p>Ap\u00f3s receber os cumprimentos dos chefes de Estado e de Governo e dos demais representantes de outros pa\u00edses, a presidenta Dilma Rousseff deu posse os 39 integrantes de seu minist\u00e9rio. Quase a metade do minist\u00e9rio \u00e9 formada por nomes conhecidos \u2013 15 ministros foram mantidos em suas cadeiras e quatro foram remanejados para outras pastas. Nos an\u00fancios feitos nas \u00faltimas semanas, Dilma escolheu 20 novos nomes para o seu primeiro escal\u00e3o.<\/p>\n<p>Assinaram o termo de posse 24 ministros, pois assumem novas fun\u00e7\u00f5es. Os 15 que permanecem nos cargos foram convidados a comparecer ao tapete verde, atr\u00e1s da presidenta e do vice Michel Temer, durante a cerim\u00f4nia. Logo depois, todos foram para o Sal\u00e3o Oeste do Pal\u00e1cio do Planalto, a fim de fazer a foto oficial ao lado de Dilma Rousseff.<\/p>\n<p>A cerim\u00f4nia de posse ocorreu no Sal\u00e3o Nobre do Pal\u00e1cio do Planalto. No local, mil cadeiras foram preparadas para autoridades, parentes dos ministros que tomaram posse, representantes de movimentos sociais e de entidades da sociedade civil.<\/p>\n<p>Chefes de Poderes, os ex-presidentes da Rep\u00fablica Jos\u00e9 Sarney e Luiz In\u00e1cio Lula da Silva, ministros e ex-ministros de Estado, governadores e ex-governadores, parlamentares e prefeitos de capitais tamb\u00e9m estiveram presentes \u00e0 cerim\u00f4nia, como os presidentes do Senado Federal, Renan Calheiros (PMDB-AL); da C\u00e2mara, Henrique Eduardo Alves (PMDB-RN); e do Supremo Tribunal Federal (STF), Ricardo Lewandowski.<\/p>\n<p>Fonte: Ag\u00eancia Brasil \/ Foto: Roberto Stuckert Filho\/PR<\/p>\n","protected":false},"excerpt":{"rendered":"<p>Ap\u00f3s receber os cumprimentos dos chefes de Estado e de Governo e dos demais representantes de outros pa\u00edses, a presidenta Dilma Rousseff deu posse os&#8230;<\/p>\n","protected":false},"author":1182,"featured_media":9861,"comment_status":"closed","ping_status":"closed","sticky":false,"template":"","format":"standard","meta":{"footnotes":""},"categories":[6],"tags":[],"class_list":["post-9859","post","type-post","status-publish","format-standard","has-post-thumbnail","hentry","category-noticias"],"_links":{"self":[{"href":"https:\/\/www.sincomam.org.br\/index.php\/wp-json\/wp\/v2\/posts\/9859","targetHints":{"allow":["GET"]}}],"collection":[{"href":"https:\/\/www.sincomam.org.br\/index.php\/wp-json\/wp\/v2\/posts"}],"about":[{"href":"https:\/\/www.sincomam.org.br\/index.php\/wp-json\/wp\/v2\/types\/post"}],"author":[{"embeddable":true,"href":"https:\/\/www.sincomam.org.br\/index.php\/wp-json\/wp\/v2\/users\/1182"}],"replies":[{"embeddable":true,"href":"https:\/\/www.sincomam.org.br\/index.php\/wp-json\/wp\/v2\/comments?post=9859"}],"version-history":[{"count":1,"href":"https:\/\/www.sincomam.org.br\/index.php\/wp-json\/wp\/v2\/posts\/9859\/revisions"}],"predecessor-version":[{"id":9862,"href":"https:\/\/www.sincomam.org.br\/index.php\/wp-json\/wp\/v2\/posts\/9859\/revisions\/9862"}],"wp:featuredmedia":[{"embeddable":true,"href":"https:\/\/www.sincomam.org.br\/index.php\/wp-json\/wp\/v2\/media\/9861"}],"wp:attachment":[{"href":"https:\/\/www.sincomam.org.br\/index.php\/wp-json\/wp\/v2\/media?parent=9859"}],"wp:term":[{"taxonomy":"category","embeddable":true,"href":"https:\/\/www.sincomam.org.br\/index.php\/wp-json\/wp\/v2\/categories?post=9859"},{"taxonomy":"post_tag","embeddable":true,"href":"https:\/\/www.sincomam.org.br\/index.php\/wp-json\/wp\/v2\/tags?post=9859"}],"curies":[{"name":"wp","href":"https:\/\/api.w.org\/{rel}","templated":true}]}}