{"id":9854,"date":"2014-12-30T09:29:51","date_gmt":"2014-12-30T11:29:51","guid":{"rendered":"http:\/\/www.sincomam.org.br\/?p=9854"},"modified":"2014-12-30T09:29:51","modified_gmt":"2014-12-30T11:29:51","slug":"governo-publica-decreto-que-reajusta-salario-minimo-sera-de-r-788-a-partir-de-1o-de-janeiro","status":"publish","type":"post","link":"https:\/\/www.sincomam.org.br\/index.php\/governo-publica-decreto-que-reajusta-salario-minimo-sera-de-r-788-a-partir-de-1o-de-janeiro\/","title":{"rendered":"Governo publica decreto que reajusta sal\u00e1rio m\u00ednimo ser\u00e1 de R$ 788 a partir de 1\u00ba de janeiro"},"content":{"rendered":"<p><strong><em>Valor di\u00e1rio do sal\u00e1rio m\u00ednimo corresponder\u00e1 a R$ 26,27<\/em><\/strong><strong><em><br \/><\/em><\/strong><\/p>\n<p>Foi publicado nesta ter\u00e7a-feira (30) no &#8220;Di\u00e1rio Oficial da Uni\u00e3o&#8221; decreto presidencial que reajusta o sal\u00e1rio m\u00ednimo para R$ 788 a partir do dia 1\u00ba de janeiro de 2015. O novo valor representa reajuste de 8,8% sobre o sal\u00e1rio m\u00ednimo atual, de R$ 724.<\/p>\n<p>De acordo com o decreto, o valor di\u00e1rio do sal\u00e1rio m\u00ednimo corresponder\u00e1 a R$ 26,27 e o valor hor\u00e1rio, a R$ 3,58.<\/p>\n<p>O valor do sal\u00e1rio m\u00ednimo \u00e9 calculado com base no percentual de crescimento do Produto Interno Bruto (PIB) do ano retrasado mais a reposi\u00e7\u00e3o da infla\u00e7\u00e3o do ano anterior pelo \u00cdndice Nacional de Pre\u00e7os ao Consumidor (INPC).<\/p>\n<p>Em agosto, quando foi apresentado o Projeto de Lei Or\u00e7ament\u00e1ria elaborado pelo governo, o sal\u00e1rio m\u00ednimo determinado era de R$ 788,06. Segundo a assessoria da ministra do Planejamento, Or\u00e7amento e Gest\u00e3o, Miriam Belchior, na ocasi\u00e3o, o impacto do aumento do sal\u00e1rio m\u00ednimo nas contas p\u00fablicas, com o pagamento de benef\u00edcios, seria de R$ 22 bilh\u00f5es em 2015.<\/p>\n<p>Fonte: G1<\/p>\n<p><strong><em><\/em><\/strong><\/p>\n","protected":false},"excerpt":{"rendered":"<p>Valor di\u00e1rio do sal\u00e1rio m\u00ednimo corresponder\u00e1 a R$ 26,27 Foi publicado nesta ter\u00e7a-feira (30) no &#8220;Di\u00e1rio Oficial da Uni\u00e3o&#8221; decreto presidencial que reajusta o sal\u00e1rio&#8230;<\/p>\n","protected":false},"author":1182,"featured_media":0,"comment_status":"closed","ping_status":"closed","sticky":false,"template":"","format":"standard","meta":{"footnotes":""},"categories":[6],"tags":[],"class_list":["post-9854","post","type-post","status-publish","format-standard","hentry","category-noticias"],"_links":{"self":[{"href":"https:\/\/www.sincomam.org.br\/index.php\/wp-json\/wp\/v2\/posts\/9854","targetHints":{"allow":["GET"]}}],"collection":[{"href":"https:\/\/www.sincomam.org.br\/index.php\/wp-json\/wp\/v2\/posts"}],"about":[{"href":"https:\/\/www.sincomam.org.br\/index.php\/wp-json\/wp\/v2\/types\/post"}],"author":[{"embeddable":true,"href":"https:\/\/www.sincomam.org.br\/index.php\/wp-json\/wp\/v2\/users\/1182"}],"replies":[{"embeddable":true,"href":"https:\/\/www.sincomam.org.br\/index.php\/wp-json\/wp\/v2\/comments?post=9854"}],"version-history":[{"count":1,"href":"https:\/\/www.sincomam.org.br\/index.php\/wp-json\/wp\/v2\/posts\/9854\/revisions"}],"predecessor-version":[{"id":9855,"href":"https:\/\/www.sincomam.org.br\/index.php\/wp-json\/wp\/v2\/posts\/9854\/revisions\/9855"}],"wp:attachment":[{"href":"https:\/\/www.sincomam.org.br\/index.php\/wp-json\/wp\/v2\/media?parent=9854"}],"wp:term":[{"taxonomy":"category","embeddable":true,"href":"https:\/\/www.sincomam.org.br\/index.php\/wp-json\/wp\/v2\/categories?post=9854"},{"taxonomy":"post_tag","embeddable":true,"href":"https:\/\/www.sincomam.org.br\/index.php\/wp-json\/wp\/v2\/tags?post=9854"}],"curies":[{"name":"wp","href":"https:\/\/api.w.org\/{rel}","templated":true}]}}