{"id":9849,"date":"2014-12-30T09:16:58","date_gmt":"2014-12-30T11:16:58","guid":{"rendered":"http:\/\/www.sincomam.org.br\/?p=9849"},"modified":"2014-12-30T09:16:58","modified_gmt":"2014-12-30T11:16:58","slug":"dilma-divulga-nomes-de-mais-sete-ministros-do-seu-segundo-governo","status":"publish","type":"post","link":"https:\/\/www.sincomam.org.br\/index.php\/dilma-divulga-nomes-de-mais-sete-ministros-do-seu-segundo-governo\/","title":{"rendered":"Dilma divulga nomes de mais sete ministros do seu segundo governo"},"content":{"rendered":"<p>Uma lista com os nomes de mais sete ministros para o governo do segundo mandato da presidenta Dilma Rousseff foi divulgada hoje (29), por meio de nota, pela Secretaria de Imprensa da Presid\u00eancia da Rep\u00fablica. Quatro novos ministros foram anunciados e tr\u00eas v\u00e3o trocar de minist\u00e9rios.<\/p>\n<p>Atual ministro de Rela\u00e7\u00f5es Institucionais, Ricardo Berzoini ser\u00e1 remanejado para o Minist\u00e9rio das Comunica\u00e7\u00f5es. Em seu lugar, assume o deputado Pepe Vargas, ex-ministro do Desenvolvimento Agr\u00e1rio, e que ter\u00e1 agora a tarefa de conduzir a articula\u00e7\u00e3o pol\u00edtica entre o Executivo e o Legislativo.<\/p>\n<p>Miguel Rossetto, que est\u00e1 no comando do Minist\u00e9rio do Desenvolvimento Agr\u00e1rio, assumir\u00e1 a Secretaria-Geral da Presid\u00eancia da Rep\u00fablica. A pasta \u00e9 ocupada por Gilberto Carvalho, que ap\u00f3s 12 anos no governo vai para a presid\u00eancia do Conselho Nacional do Servi\u00e7o Social da Ind\u00fastria (Sesi).<\/p>\n<p>J\u00e1 o ministro das Cidades, Gilberto Occhi, assumir\u00e1 o comando da Integra\u00e7\u00e3o Nacional. Para o seu lugar vai Gilberto Kassab, cujo nome foi anunciado pela presidenta Dilma na semana passada.<\/p>\n<p>Para o Minist\u00e9rio dos Transportes, a presidenta indicou o ex-senador Antonio Carlos Rodrigues (PR-SP), suplente da senadora Marta Suplicy. Ele ocupou o cargo no Senado durante o per\u00edodo em que Marta comandou o Minist\u00e9rio da Cultura.<\/p>\n<p>Patrus Ananias ser\u00e1 o novo ministro do Desenvolvimento Agr\u00e1rio. Durante o governo Lula, ele foi ministro do Desenvolvimento Social e Combate \u00e0 Fome. J\u00e1 o atual secret\u00e1rio executivo do Minist\u00e9rio da Previd\u00eancia Social, Carlos Gabas, assumir\u00e1 no lugar de Garibaldi Alves.<\/p>\n<p>A todos os nomes que deixam o governo e aos que v\u00e3o assumir, Dilma agradeceu a \u201cdedica\u00e7\u00e3o\u201d: Francisco Teixeira (Integra\u00e7\u00e3o), Garibaldi Alves (Previd\u00eancia Social), Gilberto Carvalho (Secretaria-Geral), Miguel Rossetto (Desenvolvimento Agr\u00e1rio), Paulo Bernardo (Comunica\u00e7\u00f5es), Paulo S\u00e9rgio Passos (Transportes), Ricardo Berzoini (Rela\u00e7\u00f5es Institucionais). Com a lista de hoje, restam agora ser anunciados ou confirmados no cargo 15 nomes. Os futuros ministros tomam posse na pr\u00f3xima quinta-feira (1\u00ba).<\/p>\n<p>Na \u00faltima ter\u00e7a-feira (23) Dilma anunciou 13 nomes, como o do petista Jaques Wagner no Minist\u00e9rio da Defesa, al\u00e9m de integrantes do PMDB e de legendas aliadas como PCdoB. Compor\u00e3o o governo no segundo mandato de Dilma Aldo Rebelo (Ci\u00eancia Tecnologia e Inova\u00e7\u00e3o), Cid Gomes (Educa\u00e7\u00e3o), Eduardo Braga (Minas e Energia), Gilberto Kassab (Cidades) e K\u00e1tia Abreu (Agricultura, Pecu\u00e1ria e Abastecimento).<\/p>\n<p>Os futuros ministros da Fazenda, Joaquim Levy; do Planejamento, Nelson Barbosa; e do Desenvolvimento, Ind\u00fastria e Com\u00e9rcio Exterior, Armando Monteiro, foram anunciados no final de novembro e v\u00e3o substituir os ministros Guido Mantega, Miriam Belchior e Mauro Borges, respectivamente. Alexandre Tombini permanecer\u00e1 na presid\u00eancia do Banco Central.<\/p>\n<p>Fonte: Ag\u00eancia Brasil \/ Paulo Victor Chagas<\/p>\n","protected":false},"excerpt":{"rendered":"<p>Uma lista com os nomes de mais sete ministros para o governo do segundo mandato da presidenta Dilma Rousseff foi divulgada hoje (29), por meio&#8230;<\/p>\n","protected":false},"author":1182,"featured_media":5747,"comment_status":"closed","ping_status":"closed","sticky":false,"template":"","format":"standard","meta":{"footnotes":""},"categories":[6],"tags":[],"class_list":["post-9849","post","type-post","status-publish","format-standard","has-post-thumbnail","hentry","category-noticias"],"_links":{"self":[{"href":"https:\/\/www.sincomam.org.br\/index.php\/wp-json\/wp\/v2\/posts\/9849","targetHints":{"allow":["GET"]}}],"collection":[{"href":"https:\/\/www.sincomam.org.br\/index.php\/wp-json\/wp\/v2\/posts"}],"about":[{"href":"https:\/\/www.sincomam.org.br\/index.php\/wp-json\/wp\/v2\/types\/post"}],"author":[{"embeddable":true,"href":"https:\/\/www.sincomam.org.br\/index.php\/wp-json\/wp\/v2\/users\/1182"}],"replies":[{"embeddable":true,"href":"https:\/\/www.sincomam.org.br\/index.php\/wp-json\/wp\/v2\/comments?post=9849"}],"version-history":[{"count":1,"href":"https:\/\/www.sincomam.org.br\/index.php\/wp-json\/wp\/v2\/posts\/9849\/revisions"}],"predecessor-version":[{"id":9850,"href":"https:\/\/www.sincomam.org.br\/index.php\/wp-json\/wp\/v2\/posts\/9849\/revisions\/9850"}],"wp:featuredmedia":[{"embeddable":true,"href":"https:\/\/www.sincomam.org.br\/index.php\/wp-json\/wp\/v2\/media\/5747"}],"wp:attachment":[{"href":"https:\/\/www.sincomam.org.br\/index.php\/wp-json\/wp\/v2\/media?parent=9849"}],"wp:term":[{"taxonomy":"category","embeddable":true,"href":"https:\/\/www.sincomam.org.br\/index.php\/wp-json\/wp\/v2\/categories?post=9849"},{"taxonomy":"post_tag","embeddable":true,"href":"https:\/\/www.sincomam.org.br\/index.php\/wp-json\/wp\/v2\/tags?post=9849"}],"curies":[{"name":"wp","href":"https:\/\/api.w.org\/{rel}","templated":true}]}}