{"id":9821,"date":"2014-12-29T10:16:30","date_gmt":"2014-12-29T12:16:30","guid":{"rendered":"http:\/\/www.sincomam.org.br\/?p=9821"},"modified":"2014-12-29T10:16:30","modified_gmt":"2014-12-29T12:16:30","slug":"internacional-marinha-italiana-resgata-391-pessoas-de-balsa-que-pegou-fogo-no-mar-adriatico","status":"publish","type":"post","link":"https:\/\/www.sincomam.org.br\/index.php\/internacional-marinha-italiana-resgata-391-pessoas-de-balsa-que-pegou-fogo-no-mar-adriatico\/","title":{"rendered":"Internacional: Marinha italiana resgata 391 pessoas de balsa que pegou fogo no Mar Adri\u00e1tico"},"content":{"rendered":"<p><em><strong>Inc\u00eandio em balsa deixa 5 mortos; 391 pessoas s\u00e3o resgatadas<\/p>\n<p><\/strong><\/em>O ministro da Marinha Mercante da Gr\u00e9cia, Miltiadis Varvitsiotis, confirmou nesta segunda-feira (29) que foram recuperados quatro cad\u00e1veres durante as opera\u00e7\u00f5es de resgate da balsa italiana Norman Atlantic, acidentado no domingo entre Gr\u00e9cia e It\u00e1lia. Na v\u00e9spera, um passageiro grego morto foi retirado das \u00e1guas.<em><strong><br \/><\/strong><\/em><\/p>\n<p>Segundo os \u00faltimos dados da Marinha Militar italiana, j\u00e1 foram resgatadas 363 pessoas das 478 que viajavam na embarca\u00e7\u00e3o e 115 continuam \u00e0 espera do socorro.<\/p>\n<p>&#8220;As autoridades italianas confirmaram que quatro corpos, cujas identidades n\u00e3o s\u00e3o conhecidas, foram recuperados&#8221;, declarou Miltiadis Varvitsiotis aos meios de comunica\u00e7\u00e3o, destacando que at\u00e9 agora &#8220;h\u00e1 391 sobreviventes&#8221; dos 478 passageiros e tripulantes que estavam a bordo do ferry, atingido por um inc\u00eandio no domingo.<\/p>\n<p><strong>Investiga\u00e7\u00e3o<\/strong><\/p>\n<p>O Minist\u00e9rio P\u00fablico de Bari (sudeste da It\u00e1lia) anunciou nesta segunda-feira a abertura de uma investiga\u00e7\u00e3o criminal sobre o inc\u00eandio.<\/p>\n<p>O procurador Giuseppe Volpe anunciou a abertura desta investiga\u00e7\u00e3o depois de visitar a capitania do porto de Bari, onde chegaram nesta segunda-feira 50 pessoas resgatadas no inc\u00eandio.<\/p>\n<p>A investiga\u00e7\u00e3o permitir\u00e1, a princ\u00edpio, estabelecer as causas do inc\u00eandio, que se originou na manh\u00e3 de domingo nas pontes internas da embarca\u00e7\u00e3o, onde estavam os caminh\u00f5es-tanque.<\/p>\n<p>Para fugir das chamas, os 478 passageiros e tripulantes precisaram se refugiar nos andares superiores, ao ar livre. A embarca\u00e7\u00e3o havia passado por uma inspe\u00e7\u00e3o recentemente.<\/p>\n<p>Carlo Visentini, chefe-executivo do Visenti Group, propriet\u00e1rio da embarca\u00e7\u00e3o, declarou \u00e0 ag\u00eancia Ansa que estava seguro da confiabilidade e da seguran\u00e7a do ferry, constru\u00eddo em 2009 em um estaleiro italiano.<\/p>\n<p><span>O Minist\u00e9rio da Marinha da Gr\u00e9cia informou que 268 passageiros s\u00e3o gregos e a tripula\u00e7\u00e3o \u00e9 composta por 22 italianos e 34 gregos. Viajam no navio 54 turcos, 44 italianos, 22 albaneses, 18 alem\u00e3es, al\u00e9m de cidad\u00e3os su\u00ed\u00e7os, franceses, russos, austr\u00edacos, brit\u00e2nicos e holandeses.<\/span><\/p>\n<p>Fonte: UOL Not\u00edcias<\/p>\n<p>&nbsp;<\/p>\n","protected":false},"excerpt":{"rendered":"<p>Inc\u00eandio em balsa deixa 5 mortos; 391 pessoas s\u00e3o resgatadas O ministro da Marinha Mercante da Gr\u00e9cia, Miltiadis Varvitsiotis, confirmou nesta segunda-feira (29) que foram&#8230;<\/p>\n","protected":false},"author":1182,"featured_media":9822,"comment_status":"closed","ping_status":"closed","sticky":false,"template":"","format":"standard","meta":{"footnotes":""},"categories":[6],"tags":[],"class_list":["post-9821","post","type-post","status-publish","format-standard","has-post-thumbnail","hentry","category-noticias"],"_links":{"self":[{"href":"https:\/\/www.sincomam.org.br\/index.php\/wp-json\/wp\/v2\/posts\/9821","targetHints":{"allow":["GET"]}}],"collection":[{"href":"https:\/\/www.sincomam.org.br\/index.php\/wp-json\/wp\/v2\/posts"}],"about":[{"href":"https:\/\/www.sincomam.org.br\/index.php\/wp-json\/wp\/v2\/types\/post"}],"author":[{"embeddable":true,"href":"https:\/\/www.sincomam.org.br\/index.php\/wp-json\/wp\/v2\/users\/1182"}],"replies":[{"embeddable":true,"href":"https:\/\/www.sincomam.org.br\/index.php\/wp-json\/wp\/v2\/comments?post=9821"}],"version-history":[{"count":1,"href":"https:\/\/www.sincomam.org.br\/index.php\/wp-json\/wp\/v2\/posts\/9821\/revisions"}],"predecessor-version":[{"id":9823,"href":"https:\/\/www.sincomam.org.br\/index.php\/wp-json\/wp\/v2\/posts\/9821\/revisions\/9823"}],"wp:featuredmedia":[{"embeddable":true,"href":"https:\/\/www.sincomam.org.br\/index.php\/wp-json\/wp\/v2\/media\/9822"}],"wp:attachment":[{"href":"https:\/\/www.sincomam.org.br\/index.php\/wp-json\/wp\/v2\/media?parent=9821"}],"wp:term":[{"taxonomy":"category","embeddable":true,"href":"https:\/\/www.sincomam.org.br\/index.php\/wp-json\/wp\/v2\/categories?post=9821"},{"taxonomy":"post_tag","embeddable":true,"href":"https:\/\/www.sincomam.org.br\/index.php\/wp-json\/wp\/v2\/tags?post=9821"}],"curies":[{"name":"wp","href":"https:\/\/api.w.org\/{rel}","templated":true}]}}