{"id":9817,"date":"2014-12-30T08:04:45","date_gmt":"2014-12-30T10:04:45","guid":{"rendered":"http:\/\/www.sincomam.org.br\/?p=9817"},"modified":"2014-12-30T09:07:43","modified_gmt":"2014-12-30T11:07:43","slug":"dilma-rousseff-assume-a-presidencia-da-republica-nesta-quinta-feira-1o","status":"publish","type":"post","link":"https:\/\/www.sincomam.org.br\/index.php\/dilma-rousseff-assume-a-presidencia-da-republica-nesta-quinta-feira-1o\/","title":{"rendered":"Dilma Rousseff assume a Presid\u00eancia da Rep\u00fablica nesta quinta-feira (1\u00ba)"},"content":{"rendered":"<p><em><strong>Planalto realizou ensaio para a posse de Dilma<\/strong><\/em><\/p>\n<p>Sob sol intenso, o cerimonial da Presid\u00eancia da Rep\u00fablica fez hoje (28), na Esplanada dos Minist\u00e9rios, o ensaio da cerim\u00f4nia de posse da presidente Dilma Rousseff, marcada para quinta-feira (1\u00ba), em Bras\u00edlia.<\/p>\n<p>O motorista Valdeci da Silva Ribeiro, que dirigiu o Rolls Royce presidencial no ensaio, ser\u00e1 o mesmo que conduzir\u00e1 o ve\u00edculo na solenidade oficial. \u201cTive a honra de fazer parte da hist\u00f3ria conduzindo a primeira mulher presidenta do Brasil [em 2010] e, agora, tenho a segunda oportunidade. Faremos um grande desfile de posse para o segundo mandato. Com certeza, estaremos todos prontos\u201d, disse ele.<\/p>\n<p>Al\u00e9m do carro oficial, participaram do ensaio a cavalaria da Guarda Presidencial, homens da For\u00e7as Armadas, das pol\u00edcias Federal, Civil e Militar e agentes do Departamento de Tr\u00e2nsito do Distrito Federal. No pr\u00f3ximo dia 1\u00ba, mais de 4 mil homens participar\u00e3o do esquema de seguran\u00e7a da solenidade de posse.<\/p>\n<p>S\u00e3o esperadas para a cerim\u00f4nia de posse delega\u00e7\u00f5es de 60 pa\u00edses e 27 chefes de Estado de Governo, entre eles o vice-presidente dos Estados Unidos, Joe Biden, os presidentes do Uruguai, Jos\u00e9 Mujica, da Venezuela, Nicol\u00e1s Maduro, e do Chile, Michelle Bachelet.<\/p>\n<p>\u201cHoje vamos fazer o treinamento nos moldes do que vai acontecer no dia da posse. A previs\u00e3o \u00e9 que a presidenta saia \u00e0s 14h30 do Pal\u00e1cio da Alvorada em comboio normal e se desloque at\u00e9 aqui, a Catedral de Bras\u00edlia&#8221;, informou o coordenador do Escal\u00e3o Avan\u00e7ado da Presid\u00eancia da Rep\u00fablica, Fl\u00e1vio Lucena de Assun\u00e7\u00e3o. Segundo ele, na catedral, vai haver um transbordo para carros abertos.<\/p>\n<p>De acordo com Assun\u00e7\u00e3o, dez minutos depois, a presidenta passa para o Rolls Royce, no qual tamb\u00e9m estar\u00e1 o vice-presidente Michel Temer. &#8220;Aqui, al\u00e9m da escolta dos motociclistas, haver\u00e1 uma escolta hipom\u00f3vel [a cavalo] at\u00e9 o Congresso Nacional\u201d, explicou Assun\u00e7\u00e3o.<\/p>\n<p>Tamb\u00e9m haver\u00e1 controle do tr\u00e1fego a\u00e9reo, e soldados estar\u00e3o nos minist\u00e9rios para monitoramento da passagem da presidenta pela Esplanada em carro aberto. \u201cEm fun\u00e7\u00e3o das dist\u00e2ncias a que se chegar da presidenta, o grau de controle \u00e9 maior&#8221;, destacou Assun\u00e7\u00e3o. &#8220;Quando existe uma atividade como essa, em carro aberto, a preocupa\u00e7\u00e3o da seguran\u00e7a \u00e9 maior, mas s\u00e3o tomadas medidas para que se resguarde a figura da presidenta da Rep\u00fablica e das demais autoridades.\u201d<\/p>\n<p>Fonte: Ag\u00eancia Brasil<\/p>\n","protected":false},"excerpt":{"rendered":"<p>Planalto realizou ensaio para a posse de Dilma Sob sol intenso, o cerimonial da Presid\u00eancia da Rep\u00fablica fez hoje (28), na Esplanada dos Minist\u00e9rios, o&#8230;<\/p>\n","protected":false},"author":1182,"featured_media":9818,"comment_status":"closed","ping_status":"closed","sticky":false,"template":"","format":"standard","meta":{"footnotes":""},"categories":[6],"tags":[61,1019,780,1522,1521,1519,1520],"class_list":["post-9817","post","type-post","status-publish","format-standard","has-post-thumbnail","hentry","category-noticias","tag-brasil","tag-cerimonia","tag-dilma-rousseff","tag-ensaio","tag-planalto","tag-posse","tag-presidencia"],"_links":{"self":[{"href":"https:\/\/www.sincomam.org.br\/index.php\/wp-json\/wp\/v2\/posts\/9817","targetHints":{"allow":["GET"]}}],"collection":[{"href":"https:\/\/www.sincomam.org.br\/index.php\/wp-json\/wp\/v2\/posts"}],"about":[{"href":"https:\/\/www.sincomam.org.br\/index.php\/wp-json\/wp\/v2\/types\/post"}],"author":[{"embeddable":true,"href":"https:\/\/www.sincomam.org.br\/index.php\/wp-json\/wp\/v2\/users\/1182"}],"replies":[{"embeddable":true,"href":"https:\/\/www.sincomam.org.br\/index.php\/wp-json\/wp\/v2\/comments?post=9817"}],"version-history":[{"count":2,"href":"https:\/\/www.sincomam.org.br\/index.php\/wp-json\/wp\/v2\/posts\/9817\/revisions"}],"predecessor-version":[{"id":9820,"href":"https:\/\/www.sincomam.org.br\/index.php\/wp-json\/wp\/v2\/posts\/9817\/revisions\/9820"}],"wp:featuredmedia":[{"embeddable":true,"href":"https:\/\/www.sincomam.org.br\/index.php\/wp-json\/wp\/v2\/media\/9818"}],"wp:attachment":[{"href":"https:\/\/www.sincomam.org.br\/index.php\/wp-json\/wp\/v2\/media?parent=9817"}],"wp:term":[{"taxonomy":"category","embeddable":true,"href":"https:\/\/www.sincomam.org.br\/index.php\/wp-json\/wp\/v2\/categories?post=9817"},{"taxonomy":"post_tag","embeddable":true,"href":"https:\/\/www.sincomam.org.br\/index.php\/wp-json\/wp\/v2\/tags?post=9817"}],"curies":[{"name":"wp","href":"https:\/\/api.w.org\/{rel}","templated":true}]}}