{"id":9792,"date":"2014-12-23T08:30:20","date_gmt":"2014-12-23T10:30:20","guid":{"rendered":"http:\/\/www.sincomam.org.br\/?p=9792"},"modified":"2014-12-22T12:51:49","modified_gmt":"2014-12-22T14:51:49","slug":"prosub-icn-realiza-usinagem-das-subsecoes-conicas-do-primeiro-submarino","status":"publish","type":"post","link":"https:\/\/www.sincomam.org.br\/index.php\/prosub-icn-realiza-usinagem-das-subsecoes-conicas-do-primeiro-submarino\/","title":{"rendered":"Prosub: ICN realiza usinagem das subse\u00e7\u00f5es c\u00f4nicas do primeiro submarino"},"content":{"rendered":"<p>A ICN (Itagua\u00ed Constru\u00e7\u00f5es Navais) realizou o processo de usinagem de topo da Subse\u00e7\u00e3o 3 da Se\u00e7\u00e3o 2A do primeiro submarino (SBR1). O passo seguinte ser\u00e1 a soldagem das cavernas com o chapeamento do casco desta subse\u00e7\u00e3o para posterior uni\u00e3o a outra subse\u00e7\u00e3o, a Subse\u00e7\u00e3o TR4.<\/p>\n<p>De acordo com Luiz Carlos M. Brand\u00e3o Jr, Gerente de Produ\u00e7\u00e3o de Cascos Resistentes de Submarinos da ICN, a usinagem \u00e9 um processo importante na montagem de uma subse\u00e7\u00e3o, pois trata-se de uma etapa de ajuste fino da chapa antes da soldagem. \u201cDepois de retirado o material, caso alguma dimens\u00e3o n\u00e3o esteja em conformidade com o projeto, a estrutura pode ficar comprometida, a usinagem prepara as subse\u00e7\u00f5es para soldagem de uni\u00e3o das se\u00e7\u00f5es\u201d, esclarece.<\/p>\n<p>A etapa \u00e9 importante, pois engloba a execu\u00e7\u00e3o, na pr\u00e1tica, da tecnologia absorvida na Fran\u00e7a, consistindo em mais um avan\u00e7o recente do PROSUB.<\/p>\n<p>As se\u00e7\u00f5es TR4, TR3, TR2 e a TR1 s\u00e3o c\u00f4nicas e est\u00e3o localizadas na parte de r\u00e9 do submarino. \u201cO \u2018corpo\u2019 do submarino \u00e9 em forma cil\u00edndrica; a extremidade de r\u00e9 vai afunilando, com maior conicidade e menor di\u00e2metro. Por isso o trabalho de usinagem \u00e9 fundamental para que tudo saia perfeito para a soldagem\u201d, refor\u00e7a o gerente.<\/p>\n<p>Brand\u00e3o destaca ainda que a TR3 j\u00e1 est\u00e1 na fase da solda da caverna com chapeamento do casco, j\u00e1 tendo passado pelo processo da usinagem. A TR2 e TR1, ambas mais c\u00f4nicas ainda que a TR3, est\u00e3o em fase de fabrica\u00e7\u00e3o. Todas comp\u00f5em o primeiro submarino (SBR1).<\/p>\n<p>Fonte: Portal Naval<\/p>\n","protected":false},"excerpt":{"rendered":"<p>A ICN (Itagua\u00ed Constru\u00e7\u00f5es Navais) realizou o processo de usinagem de topo da Subse\u00e7\u00e3o 3 da Se\u00e7\u00e3o 2A do primeiro submarino (SBR1). O passo seguinte&#8230;<\/p>\n","protected":false},"author":1182,"featured_media":9793,"comment_status":"closed","ping_status":"closed","sticky":false,"template":"","format":"standard","meta":{"footnotes":""},"categories":[6],"tags":[],"class_list":["post-9792","post","type-post","status-publish","format-standard","has-post-thumbnail","hentry","category-noticias"],"_links":{"self":[{"href":"https:\/\/www.sincomam.org.br\/index.php\/wp-json\/wp\/v2\/posts\/9792","targetHints":{"allow":["GET"]}}],"collection":[{"href":"https:\/\/www.sincomam.org.br\/index.php\/wp-json\/wp\/v2\/posts"}],"about":[{"href":"https:\/\/www.sincomam.org.br\/index.php\/wp-json\/wp\/v2\/types\/post"}],"author":[{"embeddable":true,"href":"https:\/\/www.sincomam.org.br\/index.php\/wp-json\/wp\/v2\/users\/1182"}],"replies":[{"embeddable":true,"href":"https:\/\/www.sincomam.org.br\/index.php\/wp-json\/wp\/v2\/comments?post=9792"}],"version-history":[{"count":1,"href":"https:\/\/www.sincomam.org.br\/index.php\/wp-json\/wp\/v2\/posts\/9792\/revisions"}],"predecessor-version":[{"id":9794,"href":"https:\/\/www.sincomam.org.br\/index.php\/wp-json\/wp\/v2\/posts\/9792\/revisions\/9794"}],"wp:featuredmedia":[{"embeddable":true,"href":"https:\/\/www.sincomam.org.br\/index.php\/wp-json\/wp\/v2\/media\/9793"}],"wp:attachment":[{"href":"https:\/\/www.sincomam.org.br\/index.php\/wp-json\/wp\/v2\/media?parent=9792"}],"wp:term":[{"taxonomy":"category","embeddable":true,"href":"https:\/\/www.sincomam.org.br\/index.php\/wp-json\/wp\/v2\/categories?post=9792"},{"taxonomy":"post_tag","embeddable":true,"href":"https:\/\/www.sincomam.org.br\/index.php\/wp-json\/wp\/v2\/tags?post=9792"}],"curies":[{"name":"wp","href":"https:\/\/api.w.org\/{rel}","templated":true}]}}