{"id":9786,"date":"2014-12-23T08:21:24","date_gmt":"2014-12-23T10:21:24","guid":{"rendered":"http:\/\/www.sincomam.org.br\/?p=9786"},"modified":"2014-12-22T12:30:11","modified_gmt":"2014-12-22T14:30:11","slug":"atencao-ja-esta-disponivel-beneficio-assistencial-para-portuarios","status":"publish","type":"post","link":"https:\/\/www.sincomam.org.br\/index.php\/atencao-ja-esta-disponivel-beneficio-assistencial-para-portuarios\/","title":{"rendered":"Aten\u00e7\u00e3o: j\u00e1 est\u00e1 dispon\u00edvel benef\u00edcio assistencial para portu\u00e1rios"},"content":{"rendered":"<p><strong><em>Benef\u00edcio ir\u00e1 atender os portu\u00e1rios avulsos que n\u00e3o possuem condi\u00e7\u00e3o de prover a sua subsist\u00eancia e j\u00e1 possuem idade para aposentadoria. \u00c9 o que prev\u00ea a nova lei dos portos<\/em><\/strong><\/p>\n<p>Os trabalhadores portu\u00e1rios avulsos com mais de 60 anos que n\u00e3o cumprirem os requisitos para a aposentadoria e que n\u00e3o possuam meios para prover a sua subsist\u00eancia j\u00e1 podem solicitar o benef\u00edcio assistencial mensal, no valor de um sal\u00e1rio m\u00ednimo.<\/p>\n<p>O benef\u00edcio est\u00e1 previsto no artigo 73 da Lei 12.815\/2013 e foi regulamentado no in\u00edcio de agosto por portaria interministerial, com 90 dias para entrar em vigor.<\/p>\n<p>Para solicitar o benef\u00edcio assistencial \u00e9 necess\u00e1rio ter cadastro ativo ou registro ativo no \u00d3rg\u00e3o Gestor de M\u00e3o de Obra do Trabalhador Portu\u00e1rio Avulso (OGMO). O registro deve existir a, pelo menos, 15 anos. O trabalhador deve ter um comparecimento de 80%, no m\u00ednimo, das chamadas de trabalho realizadas pelo OGMO e tamb\u00e9m ter comparecido a, no m\u00ednimo, 80% dos turnos de trabalho para o qual foi escalado.<\/p>\n<p>Vale lembrar que o benef\u00edcio s\u00f3 ser\u00e1 devido ao trabalhador que n\u00e3o tiver meios para prover a sua subsist\u00eancia (renda individual mensal menor que um sal\u00e1rio m\u00ednimo) e que n\u00e3o receba nenhum benef\u00edcio da Previd\u00eancia Social ou de outros regimes. O benef\u00edcio n\u00e3o possui gratifica\u00e7\u00e3o natalina e n\u00e3o gera pens\u00e3o por morte.<\/p>\n<p>A medida foi publicada no Di\u00e1rio Oficial da Uni\u00e3o atrav\u00e9s de uma Portaria dos Minist\u00e9rios da Previd\u00eancia Social, Desenvolvimento Social e Combate \u00e0 Fome, Fazenda, Planejamento, Or\u00e7amento e Gest\u00e3o e da Secretaria de Portos.<\/p>\n<p>Para obter o benef\u00edcio, portu\u00e1rios devem ter cadastro ou registro no OGMO (Foto: Matheus Tag\u00e9\/DL)<\/p>\n<p>Para obter o benef\u00edcio, portu\u00e1rios devem ter cadastro ou registro no OGMO (Foto: Matheus Tag\u00e9\/DL)<\/p>\n<p><strong>Previd\u00eancia Social aprova Plano de A\u00e7\u00e3o Integrado para 2015<\/strong><\/p>\n<p>O Plano de A\u00e7\u00e3o Integrado para 2015 que envolve as quatro casas da Previd\u00eancia Social (Minist\u00e9rio da Previd\u00eancia, INSS, Previc e Dataprev) estabelece a\u00e7\u00f5es e metas voltadas para a melhoria do atendimento aos cidad\u00e3os e para a sustentabilidade do regime previdenci\u00e1rio.<\/p>\n<p>A Portaria n\u00ba 547, de 15 de dezembro de 2014, estabelece os indicadores de desempenho e as metas globais a serem atingidos para a gest\u00e3o estrat\u00e9gica de pessoas, moderniza\u00e7\u00e3o da infraestrutura e otimiza\u00e7\u00e3o dos recursos, inova\u00e7\u00e3o da gest\u00e3o, amplia\u00e7\u00e3o da cobertura, excel\u00eancia do atendimento e controle social, efic\u00e1cia na supervis\u00e3o e fortalecimento da prote\u00e7\u00e3o social.<\/p>\n<p>\u201c\u00c9 fundamental que as casas assumam o compromisso de atingir as metas estabelecidas para o pr\u00f3ximo ano, pois \u00e9 somente por interm\u00e9dio do planejamento que poderemos construir a Previd\u00eancia Social que a sociedade deseja\u201d ressaltou o ministro Garibaldi Alves Filho ao falar sobre a import\u00e2ncia do Plano para o bom funcionamento da institui\u00e7\u00e3o.<\/p>\n<p>O Plano com as metas a serem cumpridas no pr\u00f3ximo ano foi estipulado levando em considera\u00e7\u00e3o o Plano Plurianual (PPA) 2012-2015 do Governo Federal e o Planejamento Estrat\u00e9gico da Previd\u00eancia Social 2012-2015.<\/p>\n<p>Fonte: Di\u00e1rio do Litoral \u00a0\/ Foto: APPA<\/p>\n","protected":false},"excerpt":{"rendered":"<p>Benef\u00edcio ir\u00e1 atender os portu\u00e1rios avulsos que n\u00e3o possuem condi\u00e7\u00e3o de prover a sua subsist\u00eancia e j\u00e1 possuem idade para aposentadoria. \u00c9 o que prev\u00ea&#8230;<\/p>\n","protected":false},"author":1182,"featured_media":9787,"comment_status":"closed","ping_status":"closed","sticky":false,"template":"","format":"standard","meta":{"footnotes":""},"categories":[6],"tags":[],"class_list":["post-9786","post","type-post","status-publish","format-standard","has-post-thumbnail","hentry","category-noticias"],"_links":{"self":[{"href":"https:\/\/www.sincomam.org.br\/index.php\/wp-json\/wp\/v2\/posts\/9786","targetHints":{"allow":["GET"]}}],"collection":[{"href":"https:\/\/www.sincomam.org.br\/index.php\/wp-json\/wp\/v2\/posts"}],"about":[{"href":"https:\/\/www.sincomam.org.br\/index.php\/wp-json\/wp\/v2\/types\/post"}],"author":[{"embeddable":true,"href":"https:\/\/www.sincomam.org.br\/index.php\/wp-json\/wp\/v2\/users\/1182"}],"replies":[{"embeddable":true,"href":"https:\/\/www.sincomam.org.br\/index.php\/wp-json\/wp\/v2\/comments?post=9786"}],"version-history":[{"count":1,"href":"https:\/\/www.sincomam.org.br\/index.php\/wp-json\/wp\/v2\/posts\/9786\/revisions"}],"predecessor-version":[{"id":9788,"href":"https:\/\/www.sincomam.org.br\/index.php\/wp-json\/wp\/v2\/posts\/9786\/revisions\/9788"}],"wp:featuredmedia":[{"embeddable":true,"href":"https:\/\/www.sincomam.org.br\/index.php\/wp-json\/wp\/v2\/media\/9787"}],"wp:attachment":[{"href":"https:\/\/www.sincomam.org.br\/index.php\/wp-json\/wp\/v2\/media?parent=9786"}],"wp:term":[{"taxonomy":"category","embeddable":true,"href":"https:\/\/www.sincomam.org.br\/index.php\/wp-json\/wp\/v2\/categories?post=9786"},{"taxonomy":"post_tag","embeddable":true,"href":"https:\/\/www.sincomam.org.br\/index.php\/wp-json\/wp\/v2\/tags?post=9786"}],"curies":[{"name":"wp","href":"https:\/\/api.w.org\/{rel}","templated":true}]}}