{"id":9782,"date":"2014-12-23T08:22:30","date_gmt":"2014-12-23T10:22:30","guid":{"rendered":"http:\/\/www.sincomam.org.br\/?p=9782"},"modified":"2014-12-22T12:07:51","modified_gmt":"2014-12-22T14:07:51","slug":"dilma-defende-graca-foster-e-diz-que-demissao-nao-e-necessaria","status":"publish","type":"post","link":"https:\/\/www.sincomam.org.br\/index.php\/dilma-defende-graca-foster-e-diz-que-demissao-nao-e-necessaria\/","title":{"rendered":"Dilma defende Gra\u00e7a Foster e diz que demiss\u00e3o n\u00e3o \u00e9 necess\u00e1ria"},"content":{"rendered":"<p><strong><em>Presidente comentou nesta segunda (22) situa\u00e7\u00e3o da chefe da Petrobras. Dilma participou de caf\u00e9 da manh\u00e3 com jornalistas no Planalto<\/p>\n<p><\/em><\/strong>A presidente Dilma Rousseff afirmou nesta segunda-feira (22) em caf\u00e9 da manh\u00e3 com jornalistas no Pal\u00e1cio do Planalto que a situa\u00e7\u00e3o da presidente da Petrobras, Gra\u00e7a Foster, \u201cn\u00e3o \u00e9 f\u00e1cil\u201d, por causa da press\u00e3o sobre a estatal, mas defendeu a executiva das den\u00fancias de corrup\u00e7\u00e3o na empresa e disse que n\u00e3o v\u00ea necessidade de que Foster saia do cargo.<strong><em><br \/><\/em><\/strong><\/p>\n<p>Em entrevista exclusiva \u00e0 rep\u00f3rter Gl\u00f3ria Maria, exibida no Fant\u00e1stico deste domingo (21), a ex-gerente da Petrobras Venina Velosa da Fonseca afirmou que que \u201cpercebeu que havia irregularidades\u201d na estatal em 2008 e que, desde ent\u00e3o, reportou problemas aos superiores, entre eles o gerente-executivo, diretores e a atual presidente, Gra\u00e7a Foster.<\/p>\n<p>\u201cEla [Gra\u00e7a Foster] disse que, diante de toda essa exposi\u00e7\u00e3o, se a Petrobras for prejudicada de alguma forma \u2013 ou o governo \u2013 ela, ent\u00e3o, coloca o cargo \u00e0 disposi\u00e7\u00e3o sem o menor constrangimento. Eu falei para ela que, do meu ponto de vista, isso n\u00e3o \u00e9 necess\u00e1rio\u201d, disse a presidente.<\/p>\n<p>\u201cA situa\u00e7\u00e3o dela n\u00e3o \u00e9 uma situa\u00e7\u00e3o f\u00e1cil. Ela recebe todos os dias uma press\u00e3o que poucas pessoas seguram &#8211; e ela segura, pelos compromissos que ela tem com a Petrobras. Acho que criou-se um clima sem apontar sequer uma falha dela. Mas s\u00f3 porque o clima est\u00e1 muito dif\u00edcil para ela eu preciso tir\u00e1-la? Eu penalizo ela por algo que n\u00e3o \u00e9 responsabilidade dela? A quem interessa tirar a Gra\u00e7a Foster? O que tem por tr\u00e1s disso? \u201d, complementou.<\/p>\n<p>As suspeitas de irregularidades na Petrobras foram apontadas pela Pol\u00edcia Federal na Opera\u00e7\u00e3o Lava Jato, deflagrada em mar\u00e7o deste ano para apurar esquema de lavagem de dinheiro que teria movimentado R$ 10 bilh\u00f5es de forma irregular. As investiga\u00e7\u00f5es apontaram para um esquema de desvio de dinheiro e superfaturamento em obras da estatal.<\/p>\n<p>Diante das den\u00fancias de irregularidades, diversos \u00f3rg\u00e3os de controle do governo decidiram investigar a estatal. O Tribunal de Contas da Uni\u00e3o (TCU), a Controladoria-Geral da Uni\u00e3o (CGU), o Minist\u00e9rio P\u00fablico Federal (MPF) e a Pol\u00edcia Federal (PF) abriram processos para apurar den\u00fancias como pagamento de propina a funcion\u00e1rios por empreiteiras, superfaturamento de obras e pagamento de servi\u00e7os que n\u00e3o foram realizados por empresas contratadas pela Petrobras.<\/p>\n<p>Fonte: G1 \/ Pol\u00edtica<\/p>\n","protected":false},"excerpt":{"rendered":"<p>Presidente comentou nesta segunda (22) situa\u00e7\u00e3o da chefe da Petrobras. Dilma participou de caf\u00e9 da manh\u00e3 com jornalistas no Planalto A presidente Dilma Rousseff afirmou&#8230;<\/p>\n","protected":false},"author":1182,"featured_media":9661,"comment_status":"closed","ping_status":"closed","sticky":false,"template":"","format":"standard","meta":{"footnotes":""},"categories":[6],"tags":[],"class_list":["post-9782","post","type-post","status-publish","format-standard","has-post-thumbnail","hentry","category-noticias"],"_links":{"self":[{"href":"https:\/\/www.sincomam.org.br\/index.php\/wp-json\/wp\/v2\/posts\/9782","targetHints":{"allow":["GET"]}}],"collection":[{"href":"https:\/\/www.sincomam.org.br\/index.php\/wp-json\/wp\/v2\/posts"}],"about":[{"href":"https:\/\/www.sincomam.org.br\/index.php\/wp-json\/wp\/v2\/types\/post"}],"author":[{"embeddable":true,"href":"https:\/\/www.sincomam.org.br\/index.php\/wp-json\/wp\/v2\/users\/1182"}],"replies":[{"embeddable":true,"href":"https:\/\/www.sincomam.org.br\/index.php\/wp-json\/wp\/v2\/comments?post=9782"}],"version-history":[{"count":1,"href":"https:\/\/www.sincomam.org.br\/index.php\/wp-json\/wp\/v2\/posts\/9782\/revisions"}],"predecessor-version":[{"id":9783,"href":"https:\/\/www.sincomam.org.br\/index.php\/wp-json\/wp\/v2\/posts\/9782\/revisions\/9783"}],"wp:featuredmedia":[{"embeddable":true,"href":"https:\/\/www.sincomam.org.br\/index.php\/wp-json\/wp\/v2\/media\/9661"}],"wp:attachment":[{"href":"https:\/\/www.sincomam.org.br\/index.php\/wp-json\/wp\/v2\/media?parent=9782"}],"wp:term":[{"taxonomy":"category","embeddable":true,"href":"https:\/\/www.sincomam.org.br\/index.php\/wp-json\/wp\/v2\/categories?post=9782"},{"taxonomy":"post_tag","embeddable":true,"href":"https:\/\/www.sincomam.org.br\/index.php\/wp-json\/wp\/v2\/tags?post=9782"}],"curies":[{"name":"wp","href":"https:\/\/api.w.org\/{rel}","templated":true}]}}