{"id":9767,"date":"2014-12-22T09:25:00","date_gmt":"2014-12-22T11:25:00","guid":{"rendered":"http:\/\/www.sincomam.org.br\/?p=9767"},"modified":"2014-12-22T09:26:11","modified_gmt":"2014-12-22T11:26:11","slug":"ciaga-realiza-a-cerimonia-de-formatura-de-praticantes-alunos","status":"publish","type":"post","link":"https:\/\/www.sincomam.org.br\/index.php\/ciaga-realiza-a-cerimonia-de-formatura-de-praticantes-alunos\/","title":{"rendered":"CIAGA realiza a cerim\u00f4nia de formatura de Praticantes-Alunos"},"content":{"rendered":"<p>Aconteceu no dia 10 de dezembro de 2014, no CIAGA, localizado no Rio de Janeiro, a formatura dos 227 alunos da Escola de Forma\u00e7\u00e3o de Oficiais da Marinha Mercante (EFOMM), Turma Caio Augusto Castro da Costa, em cerim\u00f4nia presidida pelo Comandante da Marinha, Almirante-de-Esquadra Julio Soares de Moura Neto e com a presen\u00e7a de ex-ministros da Marinha, membros do Almirantado e representantes da Comunidade Mar\u00edtima.<\/p>\n<p>Neste ano, a EFOMM formou um total de 93 alunos do curso de M\u00e1quinas e 134 alunos do curso de N\u00e1utica, sendo 57 do sexo feminino. As platinas do Praticante-Aluno primeiro colocado no curso de N\u00e1utica, Marco Th\u00falio Saviatto Duarte e do primeiro colocado no curso de M\u00e1quinas, Heberth Pereira de Oliveira, foram trocadas respectivamente pelo Comandante da Marinha e Diretor Geral de Navega\u00e7\u00e3o, Almirante-de-Esquadra Elis Treidler \u00d6berg.<\/p>\n<p>Na sequ\u00eancia os padrinhos e madrinhas dos demais alunos tiveram a oportunidade de efetuar a troca de platinas dos futuros Oficiais da Marinha Mercante. A EFOMM \u00e9 um centro de refer\u00eancia para a forma\u00e7\u00e3o de Oficiais da Marinha Mercante.<\/p>\n<p>Ao final do terceiro ano do curso, os alunos realizar\u00e3o obrigatoriamente o Est\u00e1gio Embarcado a bordo de embarca\u00e7\u00f5es mercantes para, enfim, serem declarados Segundo Oficial de N\u00e1utica ou Segundo Oficial de M\u00e1quinas, integrando o Quadro de Oficiais da Reserva n\u00e3o remunerada da Marinha do Brasil.<\/p>\n<p>Fonte: CIAGA<\/p>\n","protected":false},"excerpt":{"rendered":"<p>Aconteceu no dia 10 de dezembro de 2014, no CIAGA, localizado no Rio de Janeiro, a formatura dos 227 alunos da Escola de Forma\u00e7\u00e3o de&#8230;<\/p>\n","protected":false},"author":1182,"featured_media":9768,"comment_status":"closed","ping_status":"closed","sticky":false,"template":"","format":"standard","meta":{"footnotes":""},"categories":[6],"tags":[16,18,1512],"class_list":["post-9767","post","type-post","status-publish","format-standard","has-post-thumbnail","hentry","category-noticias","tag-ciaga","tag-formatura","tag-praticantes"],"_links":{"self":[{"href":"https:\/\/www.sincomam.org.br\/index.php\/wp-json\/wp\/v2\/posts\/9767","targetHints":{"allow":["GET"]}}],"collection":[{"href":"https:\/\/www.sincomam.org.br\/index.php\/wp-json\/wp\/v2\/posts"}],"about":[{"href":"https:\/\/www.sincomam.org.br\/index.php\/wp-json\/wp\/v2\/types\/post"}],"author":[{"embeddable":true,"href":"https:\/\/www.sincomam.org.br\/index.php\/wp-json\/wp\/v2\/users\/1182"}],"replies":[{"embeddable":true,"href":"https:\/\/www.sincomam.org.br\/index.php\/wp-json\/wp\/v2\/comments?post=9767"}],"version-history":[{"count":1,"href":"https:\/\/www.sincomam.org.br\/index.php\/wp-json\/wp\/v2\/posts\/9767\/revisions"}],"predecessor-version":[{"id":9769,"href":"https:\/\/www.sincomam.org.br\/index.php\/wp-json\/wp\/v2\/posts\/9767\/revisions\/9769"}],"wp:featuredmedia":[{"embeddable":true,"href":"https:\/\/www.sincomam.org.br\/index.php\/wp-json\/wp\/v2\/media\/9768"}],"wp:attachment":[{"href":"https:\/\/www.sincomam.org.br\/index.php\/wp-json\/wp\/v2\/media?parent=9767"}],"wp:term":[{"taxonomy":"category","embeddable":true,"href":"https:\/\/www.sincomam.org.br\/index.php\/wp-json\/wp\/v2\/categories?post=9767"},{"taxonomy":"post_tag","embeddable":true,"href":"https:\/\/www.sincomam.org.br\/index.php\/wp-json\/wp\/v2\/tags?post=9767"}],"curies":[{"name":"wp","href":"https:\/\/api.w.org\/{rel}","templated":true}]}}