{"id":9755,"date":"2014-12-22T08:54:42","date_gmt":"2014-12-22T10:54:42","guid":{"rendered":"http:\/\/www.sincomam.org.br\/?p=9755"},"modified":"2014-12-22T08:54:42","modified_gmt":"2014-12-22T10:54:42","slug":"avisei-graca-pessoalmente-diz-ex-gerente-da-petrobras-na-tv","status":"publish","type":"post","link":"https:\/\/www.sincomam.org.br\/index.php\/avisei-graca-pessoalmente-diz-ex-gerente-da-petrobras-na-tv\/","title":{"rendered":"&#8216;Avisei Gra\u00e7a pessoalmente&#8217;, diz ex-gerente da Petrobras na TV"},"content":{"rendered":"<p>Em uma entrevista de 20 minutos ao &#8220;Fant\u00e1stico&#8221;, da Rede Globo, neste domingo (21), a ex-gerente de Abastecimento da Petrobras Venina Velosa da Fonseca disse que alertou pessoalmente a presidente da empresa, Gra\u00e7a Foster, sobre irregularidades de que teve conhecimento.<\/p>\n<p>A den\u00fancia de Venina foi divulgada pela primeira vez, com exclusividade, pelo Valor, em 12 de dezembro.<\/p>\n<p>Venina disse neste domingo que fez o aviso quando Gra\u00e7a, al\u00e7ada \u00e0 presid\u00eancia em 2012, era diretora de G\u00e1s e Energia, cargo que ocupou desde 2007. Ela n\u00e3o exibiu prova do aviso.<\/p>\n<p>Na ter\u00e7a (16), a Petrobras negou ter sido omissa e disse que os relatos foram gen\u00e9ricos e que, s\u00f3 neste ano, Fonseca citou irregularidades.<\/p>\n<p>Em outras ocasi\u00f5es, Gra\u00e7a negou que tenha recebido den\u00fancias de desvios e associou as acusa\u00e7\u00f5es ao fato de a ex-gerente ter sido responsabilizada por irregularidades.<\/p>\n<p>Venina foi subordinada de Paulo Roberto Costa, ex-diretor de Abastecimento e hoje delator da Lava Jato.<\/p>\n<p>Ela prestou depoimento ao Minist\u00e9rio P\u00fablico Federal na sexta (19). Na ocasi\u00e3o, segundo seu advogado, exibiu documentos que confirmam que presidente e diretores da estatal sabiam de irregularidades.<\/p>\n<p>Venina convocou outros funcion\u00e1rios da empresa para que denunciem os crimes.<\/p>\n<p>Ela disse ter medo, mas que n\u00e3o cogita recuar.<\/p>\n<p>Fonte: Valor\u00a0 \/ Folhapress<\/p>\n","protected":false},"excerpt":{"rendered":"<p>Em uma entrevista de 20 minutos ao &#8220;Fant\u00e1stico&#8221;, da Rede Globo, neste domingo (21), a ex-gerente de Abastecimento da Petrobras Venina Velosa da Fonseca disse&#8230;<\/p>\n","protected":false},"author":1182,"featured_media":9756,"comment_status":"closed","ping_status":"closed","sticky":false,"template":"","format":"standard","meta":{"footnotes":""},"categories":[6],"tags":[],"class_list":["post-9755","post","type-post","status-publish","format-standard","has-post-thumbnail","hentry","category-noticias"],"_links":{"self":[{"href":"https:\/\/www.sincomam.org.br\/index.php\/wp-json\/wp\/v2\/posts\/9755","targetHints":{"allow":["GET"]}}],"collection":[{"href":"https:\/\/www.sincomam.org.br\/index.php\/wp-json\/wp\/v2\/posts"}],"about":[{"href":"https:\/\/www.sincomam.org.br\/index.php\/wp-json\/wp\/v2\/types\/post"}],"author":[{"embeddable":true,"href":"https:\/\/www.sincomam.org.br\/index.php\/wp-json\/wp\/v2\/users\/1182"}],"replies":[{"embeddable":true,"href":"https:\/\/www.sincomam.org.br\/index.php\/wp-json\/wp\/v2\/comments?post=9755"}],"version-history":[{"count":1,"href":"https:\/\/www.sincomam.org.br\/index.php\/wp-json\/wp\/v2\/posts\/9755\/revisions"}],"predecessor-version":[{"id":9757,"href":"https:\/\/www.sincomam.org.br\/index.php\/wp-json\/wp\/v2\/posts\/9755\/revisions\/9757"}],"wp:featuredmedia":[{"embeddable":true,"href":"https:\/\/www.sincomam.org.br\/index.php\/wp-json\/wp\/v2\/media\/9756"}],"wp:attachment":[{"href":"https:\/\/www.sincomam.org.br\/index.php\/wp-json\/wp\/v2\/media?parent=9755"}],"wp:term":[{"taxonomy":"category","embeddable":true,"href":"https:\/\/www.sincomam.org.br\/index.php\/wp-json\/wp\/v2\/categories?post=9755"},{"taxonomy":"post_tag","embeddable":true,"href":"https:\/\/www.sincomam.org.br\/index.php\/wp-json\/wp\/v2\/tags?post=9755"}],"curies":[{"name":"wp","href":"https:\/\/api.w.org\/{rel}","templated":true}]}}