{"id":9733,"date":"2014-12-19T08:33:07","date_gmt":"2014-12-19T10:33:07","guid":{"rendered":"http:\/\/www.sincomam.org.br\/?p=9733"},"modified":"2014-12-18T23:43:40","modified_gmt":"2014-12-19T01:43:40","slug":"dilma-defende-porto-de-mariel-em-cuba-financiado-pelo-bndes","status":"publish","type":"post","link":"https:\/\/www.sincomam.org.br\/index.php\/dilma-defende-porto-de-mariel-em-cuba-financiado-pelo-bndes\/","title":{"rendered":"Dilma defende Porto de Mariel, em Cuba, financiado pelo BNDES"},"content":{"rendered":"<p>A presidente Dilma Rousseff citou o Porto de Mariel, em Cuba, financiado com recursos do Banco Nacional de Desenvolvimento Econ\u00f4mico e Social (Bndes), pouco antes de embarcar de volta da Argentina para o Brasil.<\/p>\n<p>&#8220;Fico muito feliz com o acordo entre os Estados Unidos e Cuba porque toda a pol\u00edtica do governo brasileiro at\u00e9 agora tem sido enfatizar, e n\u00e3o s\u00f3 do ponto de vista ret\u00f3rico, mas com a\u00e7\u00f5es concretas, a forma pela qual Cuba tem de ser integrada. Algo que foi t\u00e3o criticado durante a campanha, o porto de Mariel, mostra hoje mesmo a sua import\u00e2ncia para toda a regi\u00e3o. E para o Brasil principalmente na medida em que hoje o porto \u00e9 estrat\u00e9gico pela sua proximidade com os Estados Unidos&#8221;, afirmou Dilma, na porta do carro oficial que a levou para a base a\u00e9rea de Paran\u00e1.<\/p>\n<p>O tema &#8220;Porto de Mariel&#8221; foi uma das principais cr\u00edticas feitas pela oposi\u00e7\u00e3o durante a campanha presidencial, vencida por Dilma no segundo turno por margem estreita de votos. Liderados pelo tucano A\u00e9cio Neves (PSDB-MG), os oposicionistas criticaram a decis\u00e3o do governo federal petista de usar recursos subsidiados do Bndes para financiar a constru\u00e7\u00e3o de um porto em Cuba, comandado h\u00e1 quase 56 anos pelos irm\u00e3os Fidel e Ra\u00fal Castro.<\/p>\n<p>&#8220;Eu achei fant\u00e1stica essa retomada das rela\u00e7\u00f5es entre os Estados Unidos e Cuba. Acredito que isso \u00e9 um marco das rela\u00e7\u00f5es da nossa regi\u00e3o&#8221;, completou Dilma.<\/p>\n<p>Fonte: Jornal do Commercio (POA)<\/p>\n","protected":false},"excerpt":{"rendered":"<p>A presidente Dilma Rousseff citou o Porto de Mariel, em Cuba, financiado com recursos do Banco Nacional de Desenvolvimento Econ\u00f4mico e Social (Bndes), pouco antes&#8230;<\/p>\n","protected":false},"author":1182,"featured_media":5747,"comment_status":"closed","ping_status":"closed","sticky":false,"template":"","format":"standard","meta":{"footnotes":""},"categories":[6],"tags":[],"class_list":["post-9733","post","type-post","status-publish","format-standard","has-post-thumbnail","hentry","category-noticias"],"_links":{"self":[{"href":"https:\/\/www.sincomam.org.br\/index.php\/wp-json\/wp\/v2\/posts\/9733","targetHints":{"allow":["GET"]}}],"collection":[{"href":"https:\/\/www.sincomam.org.br\/index.php\/wp-json\/wp\/v2\/posts"}],"about":[{"href":"https:\/\/www.sincomam.org.br\/index.php\/wp-json\/wp\/v2\/types\/post"}],"author":[{"embeddable":true,"href":"https:\/\/www.sincomam.org.br\/index.php\/wp-json\/wp\/v2\/users\/1182"}],"replies":[{"embeddable":true,"href":"https:\/\/www.sincomam.org.br\/index.php\/wp-json\/wp\/v2\/comments?post=9733"}],"version-history":[{"count":1,"href":"https:\/\/www.sincomam.org.br\/index.php\/wp-json\/wp\/v2\/posts\/9733\/revisions"}],"predecessor-version":[{"id":9734,"href":"https:\/\/www.sincomam.org.br\/index.php\/wp-json\/wp\/v2\/posts\/9733\/revisions\/9734"}],"wp:featuredmedia":[{"embeddable":true,"href":"https:\/\/www.sincomam.org.br\/index.php\/wp-json\/wp\/v2\/media\/5747"}],"wp:attachment":[{"href":"https:\/\/www.sincomam.org.br\/index.php\/wp-json\/wp\/v2\/media?parent=9733"}],"wp:term":[{"taxonomy":"category","embeddable":true,"href":"https:\/\/www.sincomam.org.br\/index.php\/wp-json\/wp\/v2\/categories?post=9733"},{"taxonomy":"post_tag","embeddable":true,"href":"https:\/\/www.sincomam.org.br\/index.php\/wp-json\/wp\/v2\/tags?post=9733"}],"curies":[{"name":"wp","href":"https:\/\/api.w.org\/{rel}","templated":true}]}}