{"id":9729,"date":"2014-12-19T08:22:01","date_gmt":"2014-12-19T10:22:01","guid":{"rendered":"http:\/\/www.sincomam.org.br\/?p=9729"},"modified":"2014-12-18T23:36:48","modified_gmt":"2014-12-19T01:36:48","slug":"petrobras-quer-evitar-mais-atrasos-do-balanco-deve-investir-menos-em-2015","status":"publish","type":"post","link":"https:\/\/www.sincomam.org.br\/index.php\/petrobras-quer-evitar-mais-atrasos-do-balanco-deve-investir-menos-em-2015\/","title":{"rendered":"Petrobras quer evitar mais atrasos do balan\u00e7o; deve investir menos em 2015"},"content":{"rendered":"<p>A presidente da Petrobras, Maria das Gra\u00e7as Foster, disse ontem, quarta-feira, que ficar\u00e1 no cargo enquanto a presidente Dilma Rousseff quiser, mas n\u00e3o descartou eventual sa\u00edda de toda a diretoria da estatal para que a publica\u00e7\u00e3o do balan\u00e7o financeiro, que est\u00e1 atrasada, possa ocorrer.<\/p>\n<p>&#8220;Hoje estou aqui presidente da Petrobras enquanto eu contar com a confian\u00e7a da Presid\u00eancia, e ela entender que eu deva ficar&#8221;, afirmou Gra\u00e7a Foster, como prefere ser chamada, durante caf\u00e9 da manh\u00e3 com jornalistas.<\/p>\n<p>&#8220;Minha motiva\u00e7\u00e3o \u00e9 n\u00e3o travar a assinatura do balan\u00e7o da Petrobras por conta da investiga\u00e7\u00e3o&#8221;, acrescentou ela, temendo que a perman\u00eancia da diretoria possa atrasar mais a publica\u00e7\u00e3o dos resultados da empresa.<\/p>\n<p>Na \u00faltima sexta-feira, a Petrobras adiou novamente a divulga\u00e7\u00e3o das demonstra\u00e7\u00f5es cont\u00e1beis n\u00e3o auditadas do terceiro trimestre de 2014 para at\u00e9 31 de janeiro, devido a &#8220;novos fatos&#8221; relacionados \u00e0 opera\u00e7\u00e3o Lava Jato que investiga um suposto esquema de corrup\u00e7\u00e3o na estatal.<\/p>\n<p>O novo adiamento foi poss\u00edvel porque os credores aceitaram mudan\u00e7as nos termos contratuais dos b\u00f4nus (covenants) que tratam dos prazos para a apresenta\u00e7\u00e3o dos resultados, eliminando o risco de a empresa ter que pagar antecipadamente parte da d\u00edvida crescente.<\/p>\n<p>Segundo a executiva, a atual diretoria precisa ter uma sinaliza\u00e7\u00e3o positiva de que est\u00e1 em condi\u00e7\u00f5es de permanecer, do ponto de suas pr\u00e1ticas de governan\u00e7a, e para isso necessita ser investigada, o que poder\u00e1 atrasar ainda mais a publica\u00e7\u00e3o do balan\u00e7o da companhia.<\/p>\n<p>&#8220;Eu preciso ser investigada, n\u00f3s precisamos ser investigados, isso leva tempo&#8221;, afirmou, explicando que os escrit\u00f3rios independentes contratados para realizarem auditorias na empresa t\u00eam contratos de um ano, mas que isso pode levar mais tempo.<\/p>\n<p>A opera\u00e7\u00e3o Lava Jato da Pol\u00edcia Federal, que j\u00e1 resultou na aceita\u00e7\u00e3o de v\u00e1rias den\u00fancias pela Justi\u00e7a Federal nesta semana, investiga um esquema de corrup\u00e7\u00e3o em obras da estatal, envolvendo empreiteiras e pagamentos ilegais a pol\u00edticos, o que afetou a assinatura do balan\u00e7o do terceiro trimestre por auditores independentes.<\/p>\n<p>&#8220;N\u00f3s nos enfrentamos com a evid\u00eancia de que n\u00f3s n\u00e3o est\u00e1vamos prontos para apresentar o balan\u00e7o para a Price (PriceWaterhouseCoopers), porque n\u00e3o foi a Price que disse que n\u00e3o assinava, n\u00f3s \u00e9 que n\u00e3o est\u00e1vamos prontos&#8221;, afirmou Gra\u00e7a Foster, citando as investiga\u00e7\u00f5es.<\/p>\n<p>A Petrobras divulgou na \u00faltima sexta-feira apenas alguns indicadores operacionais e informa\u00e7\u00f5es econ\u00f4mico-financeiras que acredita n\u00e3o ser\u00e3o afetados por eventuais baixas cont\u00e1beis que possivelmente ter\u00e3o que ser feitas por conta dos resultados das investiga\u00e7\u00f5es.<\/p>\n<p>De acordo com Gra\u00e7a Foster, pode demorar anos para que todas as den\u00fancias sejam averiguadas em sua plenitude.<\/p>\n<p>Ela indicou ainda que os diretores acreditam em sua &#8220;moral&#8221;.<\/p>\n<p>&#8220;N\u00e3o somos os \u00fanicos capazes de materializar tudo isso, existem dentro da companhia pessoas preparadas para nos substituir, e n\u00e3o somos um valor isolado. H\u00e1 dentro e fora da companhia pessoas que podem assumir a cadeira da presidente, mas acreditamos em n\u00f3s, na nossa moral&#8221;, disse.<\/p>\n<p>A executiva manifestou tamb\u00e9m que est\u00e1 ansiosa por ver todas as den\u00fancias esclarecidas.<\/p>\n<p>&#8220;N\u00e3o temos receio da verdade&#8221;, disse Gra\u00e7a Foster, ao fim da entrevista.<\/p>\n<p><strong>Investimentos<\/strong><\/p>\n<p>Gra\u00e7a Foster tamb\u00e9m afirmou que os investimentos em 2015 a princ\u00edpio devem ser menores do que em 2014, mas disse que valores n\u00e3o seriam revelados agora.<\/p>\n<p>A presidente n\u00e3o relacionou uma queda nos investimentos no ano que vem \u00e0s den\u00fancias de corrup\u00e7\u00e3o que envolvem empresas que trabalham com a Petrobras.<\/p>\n<p>Mas o diretor de Explora\u00e7\u00e3o e Produ\u00e7\u00e3o da Petrobras, Jos\u00e9 Miranda Formigli, admitiu que incertezas relacionadas a alguns dos principais players da ind\u00fastria, envolvidos nas den\u00fancias, podem trazer consequ\u00eancias.<\/p>\n<p>Ele afirmou que uma redu\u00e7\u00e3o eventual dos investimentos &#8220;n\u00e3o faz impacto significativo imediato&#8221; e refor\u00e7ou que \u201choje em dia\u201d a empresa continua trabalhando com a curva original de crescimento da produ\u00e7\u00e3o.<\/p>\n<p>Mas Formigli disse que a companhia trabalha focada na redu\u00e7\u00e3o de impactos que eventualmente possam prejudicar a produ\u00e7\u00e3o e tamb\u00e9m foca na manuten\u00e7\u00e3o de projetos no cronograma atual.<\/p>\n<p>Como exemplo, ele destacou que a diretoria est\u00e1 estudando a conex\u00e3o de novos po\u00e7os em plataformas j\u00e1 existentes, o que poderia contribuir com aumento da produ\u00e7\u00e3o na aus\u00eancia da entrada de novas unidades de extra\u00e7\u00e3o de \u00f3leo no prazo previsto.<\/p>\n<p><strong>Afastamento de funcion\u00e1rios<\/strong><\/p>\n<p>Gra\u00e7a Foster disse ainda que as investiga\u00e7\u00f5es internas da Petrobras levaram ao afastamento de at\u00e9 12 pessoas de seus cargos, mas que at\u00e9 o momento n\u00e3o houve demiss\u00f5es, j\u00e1 que a estatal n\u00e3o tem evid\u00eancias de dolo, m\u00e1-f\u00e9 ou de recebimento de benef\u00edcios indevidos.<\/p>\n<p>A presidente e outros diretores da empresa tiveram que responder muitas perguntas sobre como n\u00e3o souberam antes de informa\u00e7\u00f5es sobre as den\u00fancias que est\u00e3o vindo \u00e0 tona.<\/p>\n<p>Segundo ela, os diretores sabiam daquilo que era reportado nas reuni\u00f5es, e que as investiga\u00e7\u00f5es internas da empresa n\u00e3o t\u00eam recursos investigativos como a pol\u00edcia os tem, de quebra de sigilo banc\u00e1rio e escutas telef\u00f4nicas.<\/p>\n<p>O diretor financeiro da Petrobras, Almir Barbassa, completou dizendo que as informa\u00e7\u00f5es que &#8220;todos aqui temos&#8221;, atualmente, &#8220;n\u00e3o t\u00ednhamos&#8221; antigamente.<\/p>\n<p>&#8220;N\u00e3o se julga a\u00e7\u00e3o tomada l\u00e1 atr\u00e1s \u00e0 luz de dados que tem agora, voc\u00ea tem que julgar com dados que tinha naquele momento&#8221;, afirmou Barbassa.<\/p>\n<p>Gra\u00e7a Foster destacou que a empresa internacional contratada para buscar nomes para a diretoria de governan\u00e7a tem at\u00e9 30 dias para apresentar uma lista tr\u00edplice, que ser\u00e1 levada ao conselho de administra\u00e7\u00e3o.<\/p>\n<p><strong>Cen\u00e1rio Internacional<\/strong><\/p>\n<p>Al\u00e9m dos problemas enfrentados relacionados ao suposto esquema de corrup\u00e7\u00e3o, o pre\u00e7o do petr\u00f3leo tem apresentado quedas consecutivas desde meados do ano, operando atualmente perto de m\u00ednimas de mais de cinco anos.<\/p>\n<p>Segundo Formigli, a empresa espera que pre\u00e7os do petr\u00f3leo n\u00e3o ficar\u00e3o no patamar atual e que se recuperem eventualmente, mas ele disse que a empresa vai ter que ajustar estimativas de curto prazo.<\/p>\n<p>&#8220;O efeito atual faz com que a gente tenha que reprojetar isso&#8221;, afirmou.<\/p>\n<p>Sem entrar em detalhes sobre os efeitos da queda do pre\u00e7o do petr\u00f3leo para a companhia, o diretor explicou que a margem do pr\u00e9-sal diminuiu, mas continua positiva.<\/p>\n<p>Fonte: Reuters\/Marta Nogueira, Jeb Blount e Rodrigo Viga Gaier<\/p>\n","protected":false},"excerpt":{"rendered":"<p>A presidente da Petrobras, Maria das Gra\u00e7as Foster, disse ontem, quarta-feira, que ficar\u00e1 no cargo enquanto a presidente Dilma Rousseff quiser, mas n\u00e3o descartou eventual&#8230;<\/p>\n","protected":false},"author":1182,"featured_media":7658,"comment_status":"closed","ping_status":"closed","sticky":false,"template":"","format":"standard","meta":{"footnotes":""},"categories":[6],"tags":[],"class_list":["post-9729","post","type-post","status-publish","format-standard","has-post-thumbnail","hentry","category-noticias"],"_links":{"self":[{"href":"https:\/\/www.sincomam.org.br\/index.php\/wp-json\/wp\/v2\/posts\/9729","targetHints":{"allow":["GET"]}}],"collection":[{"href":"https:\/\/www.sincomam.org.br\/index.php\/wp-json\/wp\/v2\/posts"}],"about":[{"href":"https:\/\/www.sincomam.org.br\/index.php\/wp-json\/wp\/v2\/types\/post"}],"author":[{"embeddable":true,"href":"https:\/\/www.sincomam.org.br\/index.php\/wp-json\/wp\/v2\/users\/1182"}],"replies":[{"embeddable":true,"href":"https:\/\/www.sincomam.org.br\/index.php\/wp-json\/wp\/v2\/comments?post=9729"}],"version-history":[{"count":1,"href":"https:\/\/www.sincomam.org.br\/index.php\/wp-json\/wp\/v2\/posts\/9729\/revisions"}],"predecessor-version":[{"id":9730,"href":"https:\/\/www.sincomam.org.br\/index.php\/wp-json\/wp\/v2\/posts\/9729\/revisions\/9730"}],"wp:featuredmedia":[{"embeddable":true,"href":"https:\/\/www.sincomam.org.br\/index.php\/wp-json\/wp\/v2\/media\/7658"}],"wp:attachment":[{"href":"https:\/\/www.sincomam.org.br\/index.php\/wp-json\/wp\/v2\/media?parent=9729"}],"wp:term":[{"taxonomy":"category","embeddable":true,"href":"https:\/\/www.sincomam.org.br\/index.php\/wp-json\/wp\/v2\/categories?post=9729"},{"taxonomy":"post_tag","embeddable":true,"href":"https:\/\/www.sincomam.org.br\/index.php\/wp-json\/wp\/v2\/tags?post=9729"}],"curies":[{"name":"wp","href":"https:\/\/api.w.org\/{rel}","templated":true}]}}