{"id":9713,"date":"2014-12-18T09:18:38","date_gmt":"2014-12-18T11:18:38","guid":{"rendered":"http:\/\/www.sincomam.org.br\/?p=9713"},"modified":"2014-12-18T09:19:34","modified_gmt":"2014-12-18T11:19:34","slug":"escola-naval-realiza-formatura-dos-novos-guardas-marinha","status":"publish","type":"post","link":"https:\/\/www.sincomam.org.br\/index.php\/escola-naval-realiza-formatura-dos-novos-guardas-marinha\/","title":{"rendered":"Escola Naval realiza formatura dos novos Guardas-Marinha"},"content":{"rendered":"<p>Ao som da can\u00e7\u00e3o \u201cSentinela dos Mares\u201d, 181 aspirantes, da turma Almirante Felinto Perry, cruzaram, no s\u00e1bado (dia 06\/12\/2014), o Port\u00e3o da Fortaleza de Nossa Senhora da Concei\u00e7\u00e3o de Villegagnon, no Rio de Janeiro, para a cerim\u00f4nia de formatura da Escola Naval.<\/p>\n<p>Os primeiros colocados de cada Corpo receberam suas espadas dos almirantes paraninfos e, logo ap\u00f3s, foram carinhosamente abra\u00e7ados por seus pais, padrinhos e familiares.<\/p>\n<p>Depois foi a vez dos familiares trocarem as platinas do uniforme dos guardas-marinha, enquanto duas aeronaves AF-1 Skyhawk sobrevovam o \u201cCampo Santo de Villegagnon\u201d, no Rio de Janeiro, saudando o p\u00fablico.<\/p>\n<p>Al\u00e9m do comandante da Escola Naval, Almirante Marcelo Francisco Campos, e da Marinha, Almirante Julio Soares de Moura Neto, tamb\u00e9m estiveram presentes \u00e0 cerim\u00f4nia o ministro da Defesa, Celso Amorim, o comandante do Ex\u00e9rcito, general Enzo Martins Peri e o comandante da Aeron\u00e1utica, brigadeiro Juniti Saito.<\/p>\n<p>Fonte: Minist\u00e9rio da Defesa (MD) \/\u00a0<span>Foto: <\/span><span>Jorge Cardoso<\/span><\/p>\n","protected":false},"excerpt":{"rendered":"<p>Ao som da can\u00e7\u00e3o \u201cSentinela dos Mares\u201d, 181 aspirantes, da turma Almirante Felinto Perry, cruzaram, no s\u00e1bado (dia 06\/12\/2014), o Port\u00e3o da Fortaleza de Nossa&#8230;<\/p>\n","protected":false},"author":1182,"featured_media":9714,"comment_status":"closed","ping_status":"closed","sticky":false,"template":"","format":"standard","meta":{"footnotes":""},"categories":[6],"tags":[1446,18,1505,67,59],"class_list":["post-9713","post","type-post","status-publish","format-standard","has-post-thumbnail","hentry","category-noticias","tag-escola","tag-formatura","tag-guardas-marinha","tag-naval","tag-rio-de-janeiro"],"_links":{"self":[{"href":"https:\/\/www.sincomam.org.br\/index.php\/wp-json\/wp\/v2\/posts\/9713","targetHints":{"allow":["GET"]}}],"collection":[{"href":"https:\/\/www.sincomam.org.br\/index.php\/wp-json\/wp\/v2\/posts"}],"about":[{"href":"https:\/\/www.sincomam.org.br\/index.php\/wp-json\/wp\/v2\/types\/post"}],"author":[{"embeddable":true,"href":"https:\/\/www.sincomam.org.br\/index.php\/wp-json\/wp\/v2\/users\/1182"}],"replies":[{"embeddable":true,"href":"https:\/\/www.sincomam.org.br\/index.php\/wp-json\/wp\/v2\/comments?post=9713"}],"version-history":[{"count":1,"href":"https:\/\/www.sincomam.org.br\/index.php\/wp-json\/wp\/v2\/posts\/9713\/revisions"}],"predecessor-version":[{"id":9715,"href":"https:\/\/www.sincomam.org.br\/index.php\/wp-json\/wp\/v2\/posts\/9713\/revisions\/9715"}],"wp:featuredmedia":[{"embeddable":true,"href":"https:\/\/www.sincomam.org.br\/index.php\/wp-json\/wp\/v2\/media\/9714"}],"wp:attachment":[{"href":"https:\/\/www.sincomam.org.br\/index.php\/wp-json\/wp\/v2\/media?parent=9713"}],"wp:term":[{"taxonomy":"category","embeddable":true,"href":"https:\/\/www.sincomam.org.br\/index.php\/wp-json\/wp\/v2\/categories?post=9713"},{"taxonomy":"post_tag","embeddable":true,"href":"https:\/\/www.sincomam.org.br\/index.php\/wp-json\/wp\/v2\/tags?post=9713"}],"curies":[{"name":"wp","href":"https:\/\/api.w.org\/{rel}","templated":true}]}}