{"id":9710,"date":"2014-12-18T09:07:27","date_gmt":"2014-12-18T11:07:27","guid":{"rendered":"http:\/\/www.sincomam.org.br\/?p=9710"},"modified":"2014-12-18T09:07:27","modified_gmt":"2014-12-18T11:07:27","slug":"assinado-o-contrato-da-dragagem-do-rio-de-janeiro","status":"publish","type":"post","link":"https:\/\/www.sincomam.org.br\/index.php\/assinado-o-contrato-da-dragagem-do-rio-de-janeiro\/","title":{"rendered":"Assinado o contrato da Dragagem do Rio de Janeiro"},"content":{"rendered":"<p>O ministro-chefe da Secretaria de Portos (SEP\/PR), C\u00e9sar Borges, e os representantes do Cons\u00f3rcio formado pelas empresas Van Oord e Boskalis assinaram, nesta quarta-feira, 17 de dezembro, o contrato para a execu\u00e7\u00e3o das obras de dragagem do Complexo Portu\u00e1rio do Rio de Janeiro (RJ), cujo prazo de execu\u00e7\u00e3o \u00e9 de 20 meses. O Cons\u00f3rcio Van Oord\/Boskalis foi o vencedor da licita\u00e7\u00e3o \u2013 RDC Presencial SEP\/PR n\u00ba 04\/2014 \u2013 com uma proposta de R$ 210 milh\u00f5es.<\/p>\n<p>As obras visam a melhoria dos acessos aquavi\u00e1rios e ber\u00e7os dos terminais de cont\u00eaineres do Porto do Rio de Janeiro\/RJ. Durante a assinatura do contrato, o ministro C\u00e9sar Borges destacou que as obras tamb\u00e9m v\u00e3o garantir o atendimento de navios com maior porte e capacidade de transporte de mercadorias. \u201cEssa dragagem \u00e9 fundamental para que haja efici\u00eancia no porto. Para que ele consiga receber navios de cont\u00eaineres, precisa de maior calado&#8221;, disse.<\/p>\n<p>O empreendimento faz parte da segunda fase do Plano Nacional de Dragagem &#8211; PND-II, institu\u00eddo pelo novo marco regulat\u00f3rio do setor. O PND-II, lan\u00e7ado em 2012 pela Presidenta Dilma Rousseff, integra o Programa de Investimento em Log\u00edstica \u2013 PIL-Portos.<\/p>\n<p>Fonte: Ascom Secretaria de Portos &#8211; SEP\/PR<\/p>\n","protected":false},"excerpt":{"rendered":"<p>O ministro-chefe da Secretaria de Portos (SEP\/PR), C\u00e9sar Borges, e os representantes do Cons\u00f3rcio formado pelas empresas Van Oord e Boskalis assinaram, nesta quarta-feira, 17&#8230;<\/p>\n","protected":false},"author":1182,"featured_media":3259,"comment_status":"closed","ping_status":"closed","sticky":false,"template":"","format":"standard","meta":{"footnotes":""},"categories":[6],"tags":[1504,937,144,2747,588],"class_list":["post-9710","post","type-post","status-publish","format-standard","has-post-thumbnail","hentry","category-noticias","tag-assinado","tag-complexo-petroquimico-do-rio-de-janeiro","tag-contrato","tag-dragagem","tag-licitacao"],"_links":{"self":[{"href":"https:\/\/www.sincomam.org.br\/index.php\/wp-json\/wp\/v2\/posts\/9710","targetHints":{"allow":["GET"]}}],"collection":[{"href":"https:\/\/www.sincomam.org.br\/index.php\/wp-json\/wp\/v2\/posts"}],"about":[{"href":"https:\/\/www.sincomam.org.br\/index.php\/wp-json\/wp\/v2\/types\/post"}],"author":[{"embeddable":true,"href":"https:\/\/www.sincomam.org.br\/index.php\/wp-json\/wp\/v2\/users\/1182"}],"replies":[{"embeddable":true,"href":"https:\/\/www.sincomam.org.br\/index.php\/wp-json\/wp\/v2\/comments?post=9710"}],"version-history":[{"count":1,"href":"https:\/\/www.sincomam.org.br\/index.php\/wp-json\/wp\/v2\/posts\/9710\/revisions"}],"predecessor-version":[{"id":9711,"href":"https:\/\/www.sincomam.org.br\/index.php\/wp-json\/wp\/v2\/posts\/9710\/revisions\/9711"}],"wp:featuredmedia":[{"embeddable":true,"href":"https:\/\/www.sincomam.org.br\/index.php\/wp-json\/wp\/v2\/media\/3259"}],"wp:attachment":[{"href":"https:\/\/www.sincomam.org.br\/index.php\/wp-json\/wp\/v2\/media?parent=9710"}],"wp:term":[{"taxonomy":"category","embeddable":true,"href":"https:\/\/www.sincomam.org.br\/index.php\/wp-json\/wp\/v2\/categories?post=9710"},{"taxonomy":"post_tag","embeddable":true,"href":"https:\/\/www.sincomam.org.br\/index.php\/wp-json\/wp\/v2\/tags?post=9710"}],"curies":[{"name":"wp","href":"https:\/\/api.w.org\/{rel}","templated":true}]}}