{"id":9697,"date":"2014-12-18T08:38:23","date_gmt":"2014-12-18T10:38:23","guid":{"rendered":"http:\/\/www.sincomam.org.br\/?p=9697"},"modified":"2014-12-18T08:38:23","modified_gmt":"2014-12-18T10:38:23","slug":"presidente-da-petrobras-poe-cargo-a-disposicao-de-dilma","status":"publish","type":"post","link":"https:\/\/www.sincomam.org.br\/index.php\/presidente-da-petrobras-poe-cargo-a-disposicao-de-dilma\/","title":{"rendered":"Presidente da Petrobras p\u00f5e cargo \u00e0 disposi\u00e7\u00e3o de Dilma"},"content":{"rendered":"<p>A presidente da Petrobras, Gra\u00e7a Foster, confirmou nesta quarta-feira, durante coletiva de imprensa, que colocou seu cargo e de toda a diretoria \u00e0 disposi\u00e7\u00e3o da presidente Dilma Rousseff. Segundo ela, a decis\u00e3o foi tomada diante do risco de que a perman\u00eancia da diretoria inviabilizasse a aprova\u00e7\u00e3o do balan\u00e7o da estatal.<\/p>\n<p>Gra\u00e7a afirmou ainda que as investiga\u00e7\u00f5es da Opera\u00e7\u00e3o Lava-Jato indicaram a necessidade de &#8220;uma sinaliza\u00e7\u00e3o positiva de que a diretoria est\u00e1 em condi\u00e7\u00f5es, do ponto de vista de sua governan\u00e7a, de assinar o balan\u00e7o&#8221;.<\/p>\n<p>\u2014 Eu preciso ser investigada, os diretores, n\u00f3s precisamos ser investigados. E para isso precisamos das auditorias internas. Eles chegam, entram na sua sala, abrem seus arm\u00e1rios, pegam seus pap\u00e9is, computadores. E isso \u00e9 bom \u2014 disse Gra\u00e7a.<\/p>\n<p>Segundo ela, a diretoria permanece &#8220;enquanto contar com a confian\u00e7a da presidente e ela entender que devo ficar&#8221;. Gra\u00e7a afirmou que conversou com Dilma &#8220;uma, duas, tr\u00eas vezes&#8221;, mas que uma defini\u00e7\u00e3o &#8220;\u00e9 ela quem tem que falar&#8221;.<\/p>\n<p>\u2014 A coisa mais importante para a diretoria \u00e9 a Petrobras, muito mais importante que o meu emprego. Temos discutido isso no conselho tamb\u00e9m, essa \u00e9 a motiva\u00e7\u00e3o de se discutir a conveni\u00eancia de nossa perman\u00eancia em fun\u00e7\u00e3o do balan\u00e7o \u2014 disse a executiva.<\/p>\n<p>\u2014 Os funcion\u00e1rios, 85 mil funcion\u00e1rios, cobram que sejamos respeitados tamb\u00e9m pela governan\u00e7a \u2014 completou.<\/p>\n<p>Segundo a executiva, a n\u00e3o apresenta\u00e7\u00e3o do balan\u00e7o n\u00e3o foi uma imposi\u00e7\u00e3o da auditoria externa da <em>PriceWaterhouse Coopers (Pwc).<\/em><\/p>\n<p>\u2014 N\u00f3s n\u00e3o est\u00e1vamos prontos \u2014 afirmou. \u2014 Os resultados das investiga\u00e7\u00f5es tornaram evidente que n\u00f3s precisamos fazer baixa no patrim\u00f4nio l\u00edquido da companhia.<\/p>\n<p>Gra\u00e7a afirmou que &#8220;n\u00e3o h\u00e1 seguran\u00e7a&#8221; de que informa\u00e7\u00f5es do resultado financeiro ser\u00e3o divulgadas &#8220;em sua plenitude&#8221; nos pr\u00f3ximos 45 dias. Esse \u00e9 o prazo para a divulga\u00e7\u00e3o do balan\u00e7o do terceiro trimestre deste ano, sem ter que antecipar o pagamento de d\u00edvidas. A publica\u00e7\u00e3o do balan\u00e7o n\u00e3o auditado est\u00e1 previsto para 30 de janeiro.<\/p>\n<p>\u2014 Estamos trabalhando para fazer avalia\u00e7\u00e3o do real valor do ativo. A gente chama de efeito da Opera\u00e7\u00e3o Lava-Jato, um nome menos feio. O nome correto \u00e9 corrup\u00e7\u00e3o \u2014 afirmou Gra\u00e7a.<\/p>\n<p>A preocupa\u00e7\u00e3o da empresa \u00e9 que seu patrim\u00f4nio seja revisto \u00e0 medida que novas dela\u00e7\u00f5es \u00e0 Pol\u00edcia Federal deem a dimens\u00e3o do volume de recursos desviados. Apesar de admitir que a empresa passa por um momento de dificuldade, Gra\u00e7a garante que a empresa n\u00e3o tem problema de caixa para dar conta dos investimentos.<\/p>\n<p>\u2014 N\u00e3o vamos ter problema de financiabilidade. N\u00e3o batemos na porta do governo para pedir dinheiro.<\/p>\n<p><strong>Posicionamento <\/strong><\/p>\n<p>Gra\u00e7a cobrou do governo federal um &#8220;posicionamento urgente&#8221; sobre a situa\u00e7\u00e3o das empresas envolvidas na Lava-Jato. Segundo ela, comprovadas as den\u00fancias de corrup\u00e7\u00e3o, a estatal ficaria proibida de contratar as empresas que atuam nos principais estaleiros do pa\u00eds na constru\u00e7\u00e3o de embarca\u00e7\u00f5es e plataformas para a Petrobras, o que poderia comprometer a produ\u00e7\u00e3o da companhia.<\/p>\n<p>\u2014 \u00c9 urgente que o governo se posicione de alguma forma para resolver os impactos da Opera\u00e7\u00e3o Lava-Jato no que se refere \u00e0s empresas. N\u00f3s precisamos delas ou de licita\u00e7\u00f5es internacionais para que possamos atingir a curva de produ\u00e7\u00e3o. Uma vez evidenciada uma s\u00e9rie de fraudes e corrup\u00e7\u00e3o, n\u00e3o podemos contrat\u00e1-las, essa \u00e9 a grande amea\u00e7a \u00e0 curva de produ\u00e7\u00e3o \u2014 afirmou Gra\u00e7a Foster.<\/p>\n<p>A executiva sugeriu que o governo elaborasse um projeto de continuidade do Promimp, programa lan\u00e7ado em 2003 para priorizar a ind\u00fastria naval brasileira no atendimento \u00e0s encomendas da Petrobras para explora\u00e7\u00e3o do pr\u00e9-sal.<\/p>\n<p>\u2014 \u00c9 preciso fazer o Promimp 2 urgentemente \u2014 afirmou. \u2014 \u00c9 fundamental que o governo se organize urgentemente para que resolva as empresas, por que o mercado se fecha, ela n\u00e3o consegue se financiar e come\u00e7a uma serie de problemas em decorr\u00eancia disso \u2014 complementou Gra\u00e7a.<\/p>\n<p><strong>Inc\u00f4modo <\/strong><\/p>\n<p>A executiva afirmou que est\u00e1 &#8220;absolutamente confort\u00e1vel&#8221; para responder \u00e0s investiga\u00e7\u00f5es da Lava-Jato. A executiva, que em 2012 demitiu Paulo Roberto Costa da diretoria de Abastecimento, e tamb\u00e9m outros diretores hoje implicados nas investiga\u00e7\u00f5es de corrup\u00e7\u00e3o, disse tamb\u00e9m que \u00e0 \u00e9poca &#8220;sabia o que incomodava&#8221; no &#8220;estilo de gest\u00e3o&#8221; dos outros diretores.<\/p>\n<p>A executiva foi questionada se j\u00e1 tinha ind\u00edcios de irregularidades na empresa quando assumiu a presid\u00eancia, em abril de 2012. Poucos meses ap\u00f3s sua posse, Gra\u00e7a Foster demitiu o ex-diretor de abastecimento, Paulo Roberto Costa, e tamb\u00e9m Renato Duque, ex-diretor de Servi\u00e7os, e Nestor Cerver\u00f3, ex-diretor da \u00e1rea Internacional.<\/p>\n<p>\u2014 Sabia o que me incomodava. S\u00e3o estilos de gest\u00e3o diferentes. N\u00e3o me metia no que estava sendo feito \u2014 afirmou a executiva.<\/p>\n<p>Segundo ela, a diretoria atual trabalha mais pr\u00f3xima e com &#8220;intromiss\u00e3o muito grande&#8221;.<\/p>\n<p>\u2014 N\u00e3o poderia trabalhar com a independ\u00eancia das \u00e1reas. N\u00e3o saberia fazer. Entendi, por tudo que se passava, que, no caso da diretoria de abastecimento, seria uma conviv\u00eancia quase imposs\u00edvel. E outros diretores entenderam, por raz\u00f5es diferentes, que a conviv\u00eancia comigo tamb\u00e9m n\u00e3o seria f\u00e1cil ou por que queriam fazer outras coisas da vida. Essa foi a grande a raz\u00e3o \u2014 explicou.<\/p>\n<p>A executiva afirmou ainda que a diretoria n\u00e3o &#8220;tem receio da verdade&#8221;.<\/p>\n<p>\u2014 Estamos diante de voc\u00eas por que n\u00e3o temos receito da verdade. Estamos absolutamente confort\u00e1veis, buscando na nossa mem\u00f3ria as respostas para ser justo com as pessoas \u2014 afirmou.<\/p>\n<p>Fonte: \u00a0Estad\u00e3o Conte\u00fado<\/p>\n","protected":false},"excerpt":{"rendered":"<p>A presidente da Petrobras, Gra\u00e7a Foster, confirmou nesta quarta-feira, durante coletiva de imprensa, que colocou seu cargo e de toda a diretoria \u00e0 disposi\u00e7\u00e3o da&#8230;<\/p>\n","protected":false},"author":1182,"featured_media":4198,"comment_status":"closed","ping_status":"closed","sticky":false,"template":"","format":"standard","meta":{"footnotes":""},"categories":[6],"tags":[1502,381,181,1503,297,1493,377,58,314],"class_list":["post-9697","post","type-post","status-publish","format-standard","has-post-thumbnail","hentry","category-noticias","tag-demissao","tag-denuncia","tag-dilma","tag-diretores","tag-investigacao","tag-lava-jato","tag-operacao","tag-petrobras","tag-presidente"],"_links":{"self":[{"href":"https:\/\/www.sincomam.org.br\/index.php\/wp-json\/wp\/v2\/posts\/9697","targetHints":{"allow":["GET"]}}],"collection":[{"href":"https:\/\/www.sincomam.org.br\/index.php\/wp-json\/wp\/v2\/posts"}],"about":[{"href":"https:\/\/www.sincomam.org.br\/index.php\/wp-json\/wp\/v2\/types\/post"}],"author":[{"embeddable":true,"href":"https:\/\/www.sincomam.org.br\/index.php\/wp-json\/wp\/v2\/users\/1182"}],"replies":[{"embeddable":true,"href":"https:\/\/www.sincomam.org.br\/index.php\/wp-json\/wp\/v2\/comments?post=9697"}],"version-history":[{"count":1,"href":"https:\/\/www.sincomam.org.br\/index.php\/wp-json\/wp\/v2\/posts\/9697\/revisions"}],"predecessor-version":[{"id":9698,"href":"https:\/\/www.sincomam.org.br\/index.php\/wp-json\/wp\/v2\/posts\/9697\/revisions\/9698"}],"wp:featuredmedia":[{"embeddable":true,"href":"https:\/\/www.sincomam.org.br\/index.php\/wp-json\/wp\/v2\/media\/4198"}],"wp:attachment":[{"href":"https:\/\/www.sincomam.org.br\/index.php\/wp-json\/wp\/v2\/media?parent=9697"}],"wp:term":[{"taxonomy":"category","embeddable":true,"href":"https:\/\/www.sincomam.org.br\/index.php\/wp-json\/wp\/v2\/categories?post=9697"},{"taxonomy":"post_tag","embeddable":true,"href":"https:\/\/www.sincomam.org.br\/index.php\/wp-json\/wp\/v2\/tags?post=9697"}],"curies":[{"name":"wp","href":"https:\/\/api.w.org\/{rel}","templated":true}]}}