{"id":9674,"date":"2014-12-17T10:07:22","date_gmt":"2014-12-17T12:07:22","guid":{"rendered":"http:\/\/www.sincomam.org.br\/?p=9674"},"modified":"2014-12-17T10:07:22","modified_gmt":"2014-12-17T12:07:22","slug":"acordo-entre-brasil-e-belgica-cria-centro-de-treinamento-para-trabalhador-portuario","status":"publish","type":"post","link":"https:\/\/www.sincomam.org.br\/index.php\/acordo-entre-brasil-e-belgica-cria-centro-de-treinamento-para-trabalhador-portuario\/","title":{"rendered":"Acordo entre Brasil e B\u00e9lgica cria centro de treinamento para trabalhador portu\u00e1rio"},"content":{"rendered":"<p>Um Acordo de Coopera\u00e7\u00e3o T\u00e9cnica entre a Secretaria de Portos (SEP\/PR) e o Centro de Capacita\u00e7\u00e3o do Porto de Antu\u00e9rpia (APEC), na B\u00e9lgica, assinado ontem, ter\u00e7a-feira, 16\/12, na embaixada da B\u00e9lgica, vai garantir a cria\u00e7\u00e3o do primeiro Centro de Capacita\u00e7\u00e3o dos Gestores e dos Trabalhadores Portu\u00e1rios no Brasil. O Centro ser\u00e1 montado em Vit\u00f3ria (ES) e conta com o apoio do Instituto Federal do Esp\u00edrito Santo \u2013 IFES, SEST\/SENAT e Companhia Docas do Esp\u00edrito Santos (CODESA).<\/p>\n<p>O ministro da Secretaria de Portos, C\u00e9sar Borges, esteve na cerim\u00f4nia de assinatura do Acordo. Tamb\u00e9m estiveram presentes o embaixador do Reino da B\u00e9lgica, Josef Smet, e representantes das institui\u00e7\u00f5es envolvidas no Acordo. O ministro ressaltou a import\u00e2ncia da capacita\u00e7\u00e3o dos trabalhadores portu\u00e1rios. \u201cA classe dos trabalhadores, que est\u00e3o aqui representados, e s\u00e3o fundamentais e imprescind\u00edveis. \u00c9 o entendimento do Governo e n\u00f3s queremos avan\u00e7ar na pol\u00edtica de ter portos cada vez mais eficientes e sem a participa\u00e7\u00e3o de trabalhadores qualificados e treinados, esta tarefa seria imposs\u00edvel\u2019, disse.<\/p>\n<p>O embaixador Josef Smet destacou as rela\u00e7\u00f5es entre Brasil e B\u00e9lgica. \u201cCom a APEC do Brasil, o Porto da Antu\u00e9rpia e seus especialistas estreitam ainda mais seus la\u00e7os com o Setor Portu\u00e1rio Brasileiro, e se inserem totalmente na abordagem definida pela Presidenta Dilma Rousseff e do Senhor Ministro, da transfer\u00eancia de conhecimento para o Brasil e de uma parceira inovadora com um dos maiores portos da Europa\u201d.<\/p>\n<p>O Porto de Antu\u00e9rpia \u00e9 um dos maiores do mundo e seu Centro de Treinamento (APEC) \u00e9 internacionalmente reconhecido como vanguarda na \u00e1rea de ensino portu\u00e1rio. Desde 2010, o Brasil mant\u00e9m rela\u00e7\u00f5es com a APEC. Gestores portu\u00e1rios e profissionais da SEP\/PR, ANTAQ, INPH, Cias Docas e dos Portos delegados foram treinados na B\u00e9lgica. Em 2013, este Acordo de Coopera\u00e7\u00e3o T\u00e9cnica foi renovado com duas fases: Na primeira, a APEC organizou Semin\u00e1rios que ainda est\u00e3o em andamento no Brasil, abrangendo diferentes temas. A segunda fase \u00e9 o estabelecimento da APEC do pa\u00eds. As a\u00e7\u00f5es est\u00e3o em conson\u00e2ncia com Lei n\u00ba 12.815\/2013, que prev\u00ea investimentos na capacita\u00e7\u00e3o de gestores e trabalhadores portu\u00e1rios.<\/p>\n<p>Outras est\u00e3o envolvidas no Acordo como Federa\u00e7\u00e3o Nacional dos Estivadores (FNE), a Federa\u00e7\u00e3o Nacional dos Conferentes e Consertadores de Carga e Descarga, Vigias Portu\u00e1rios, Trabalhadores de Bloco, Arrumadores e Amarradores de Navios, nas Atividades Portu\u00e1rias (FECCCONVIB), Federa\u00e7\u00e3o Nacional dos Portu\u00e1rios (FNP) e das Associa\u00e7\u00f5es dos Operadores do setor privado (Federa\u00e7\u00e3o Nacional dos Operadores Portu\u00e1rios FENOP e Associa\u00e7\u00e3o Brasileira de Terminais e Recintos Alfandegados &#8211; ABTRA).<\/p>\n<p>No Brasil, a APEC ser\u00e1 montada nas instala\u00e7\u00f5es do IFES e do SEST\/SENAT em Vit\u00f3ria. Entre os dias 19 e 21 de novembro, uma miss\u00e3o t\u00e9cnica com representantes do IFES, SEST\/SENAT, FNE e do OGMO de Vit\u00f3ria foram \u00e0 Antu\u00e9rpia para uma visita t\u00e9cnica com o objetivo de selecionar os cursos que ser\u00e3o ministrados no Brasil e obter o material did\u00e1tico j\u00e1 elaborado pela APEC para tradu\u00e7\u00e3o. Al\u00e9m disso, o Sindicato dos Estivadores do Estado do Esp\u00edrito Santo e do OGMO ser\u00e3o os respons\u00e1veis pela verifica\u00e7\u00e3o, negocia\u00e7\u00e3o e eventual aquisi\u00e7\u00e3o dos simuladores de equipamentos portu\u00e1rios de grande porte, considerados essenciais para o treinamento adequado dos Trabalhadores Portu\u00e1rios Avulsos<\/p>\n<p>A Secretaria de Portos j\u00e1 avalia a instala\u00e7\u00e3o da APEC em outros portos do Brasil.<\/p>\n<p>Fonte: Ascom\/Secretaria de Portos &#8211; SEP\/PR<\/p>\n","protected":false},"excerpt":{"rendered":"<p>Um Acordo de Coopera\u00e7\u00e3o T\u00e9cnica entre a Secretaria de Portos (SEP\/PR) e o Centro de Capacita\u00e7\u00e3o do Porto de Antu\u00e9rpia (APEC), na B\u00e9lgica, assinado ontem,&#8230;<\/p>\n","protected":false},"author":1182,"featured_media":286,"comment_status":"closed","ping_status":"closed","sticky":false,"template":"","format":"standard","meta":{"footnotes":""},"categories":[6],"tags":[],"class_list":["post-9674","post","type-post","status-publish","format-standard","has-post-thumbnail","hentry","category-noticias"],"_links":{"self":[{"href":"https:\/\/www.sincomam.org.br\/index.php\/wp-json\/wp\/v2\/posts\/9674","targetHints":{"allow":["GET"]}}],"collection":[{"href":"https:\/\/www.sincomam.org.br\/index.php\/wp-json\/wp\/v2\/posts"}],"about":[{"href":"https:\/\/www.sincomam.org.br\/index.php\/wp-json\/wp\/v2\/types\/post"}],"author":[{"embeddable":true,"href":"https:\/\/www.sincomam.org.br\/index.php\/wp-json\/wp\/v2\/users\/1182"}],"replies":[{"embeddable":true,"href":"https:\/\/www.sincomam.org.br\/index.php\/wp-json\/wp\/v2\/comments?post=9674"}],"version-history":[{"count":1,"href":"https:\/\/www.sincomam.org.br\/index.php\/wp-json\/wp\/v2\/posts\/9674\/revisions"}],"predecessor-version":[{"id":9675,"href":"https:\/\/www.sincomam.org.br\/index.php\/wp-json\/wp\/v2\/posts\/9674\/revisions\/9675"}],"wp:featuredmedia":[{"embeddable":true,"href":"https:\/\/www.sincomam.org.br\/index.php\/wp-json\/wp\/v2\/media\/286"}],"wp:attachment":[{"href":"https:\/\/www.sincomam.org.br\/index.php\/wp-json\/wp\/v2\/media?parent=9674"}],"wp:term":[{"taxonomy":"category","embeddable":true,"href":"https:\/\/www.sincomam.org.br\/index.php\/wp-json\/wp\/v2\/categories?post=9674"},{"taxonomy":"post_tag","embeddable":true,"href":"https:\/\/www.sincomam.org.br\/index.php\/wp-json\/wp\/v2\/tags?post=9674"}],"curies":[{"name":"wp","href":"https:\/\/api.w.org\/{rel}","templated":true}]}}