{"id":9660,"date":"2014-12-16T12:47:36","date_gmt":"2014-12-16T14:47:36","guid":{"rendered":"http:\/\/www.sincomam.org.br\/?p=9660"},"modified":"2014-12-16T16:06:40","modified_gmt":"2014-12-16T18:06:40","slug":"dilma-resiste-mas-demissao-de-graca-ja-e-vista-como-certa","status":"publish","type":"post","link":"https:\/\/www.sincomam.org.br\/index.php\/dilma-resiste-mas-demissao-de-graca-ja-e-vista-como-certa\/","title":{"rendered":"Dilma resiste, mas demiss\u00e3o de Gra\u00e7a j\u00e1 \u00e9 vista como certa"},"content":{"rendered":"<p><strong><em>Presidente da estatal cogitou deixar o cargo para viabilizar balan\u00e7o<\/em><\/strong><\/p>\n<p>Em meio a uma s\u00e9rie de den\u00fancias de corrup\u00e7\u00e3o na Petrobras, a presidente Dilma Rousseff resiste em demitir Gra\u00e7a Foster da presid\u00eancia da estatal. No entanto, mesmo auxiliares pr\u00f3ximos de Dilma j\u00e1 admitem que a sa\u00edda de Gra\u00e7a da Petrobras \u00e9 uma quest\u00e3o de tempo, apesar da vontade da presidente de poup\u00e1-la. O prazo para isso acontecer, dizem governistas, \u00e9 a prov\u00e1vel perda do grau de investimento da estatal nas pr\u00f3ximas avalia\u00e7\u00f5es de ag\u00eancias de classifica\u00e7\u00e3o de risco.<\/p>\n<p>\u2014 O tempo de Gra\u00e7a j\u00e1 acabou e ela pr\u00f3pria percebeu isso. A diretoria da Petrobras n\u00e3o tem mais credibilidade com o mercado. A presidente pode estar conseguindo mant\u00ea-la apesar dos problemas pol\u00edticos, mas, com os desdobramentos econ\u00f4micos que ainda vir\u00e3o pela frente, ser\u00e1 dif\u00edcil \u2014 disse uma fonte do Planalto.<\/p>\n<p>A avalia\u00e7\u00e3o no governo \u00e9 que, al\u00e9m da rela\u00e7\u00e3o de amizade e de lealdade, Dilma n\u00e3o quer tir\u00e1-la da presid\u00eancia porque Gra\u00e7a serve como um escudo para o governo. Se Gra\u00e7a sair, a an\u00e1lise \u00e9 de que tudo o que for relacionado com problemas de corrup\u00e7\u00e3o e m\u00e1 gest\u00e3o na empresa cair\u00e1, automaticamente, no colo de Dilma.<\/p>\n<p>\u2014 A presidente vai resistir o quanto puder \u2014 disse uma fonte do Planalto.<\/p>\n<p>Gra\u00e7a colocou o seu cargo \u00e0 disposi\u00e7\u00e3o do Conselho de Administra\u00e7\u00e3o da estatal durante a reuni\u00e3o da \u00faltima sexta-feira que decidiu, mais uma vez, pelo adiamento da divulga\u00e7\u00e3o do balan\u00e7o financeiro da estatal, segundo informou ao GLOBO uma fonte que estava presente.<\/p>\n<p>As demonstra\u00e7\u00f5es financeiras do terceiro trimestre est\u00e3o atrasadas desde novembro, quando a empresa de auditoria PwC, contratada para analisar as contas da estatal, recusou-se a assinar o balan\u00e7o. Esse \u00e9 hoje o principal problema de Gra\u00e7a para estancar o derretimento das a\u00e7\u00f5es da empresa.<\/p>\n<p>A empresa de auditoria j\u00e1 havia recomendado o afastamento de S\u00e9rgio Machado, presidente da Transpetro, subsidi\u00e1ria de log\u00edstica da Petrobras, por causa da den\u00fancia de que teria entregue propina nas m\u00e3os do ex-diretor de Abastecimento Paulo Roberto Costa, que foi preso e aderiu \u00e0 dela\u00e7\u00e3o premiada. Machado pediu uma licen\u00e7a de trinta dias, renovada por mais um m\u00eas, mas, mesmo assim, a PwC manteve a resist\u00eancia em assinar o balan\u00e7o.<\/p>\n<p>Apesar de Gra\u00e7a ter se mostrado disposta ao sacrif\u00edcio, o conselho n\u00e3o tomou decis\u00e3o alguma porque os auditores sinalizaram que a troca da diretoria n\u00e3o seria suficiente para mudar sua posi\u00e7\u00e3o. A principal dificuldade da PwC \u00e9 a adequa\u00e7\u00e3o dos registros cont\u00e1beis aos investimentos superfaturados feitos pela companhia, descobertos pela Lava-Jato. A PwC teme ser responsabilizada pelas autoridades americanas que investigam a estatal.<\/p>\n<p><strong>D\u00favidas sobre Venina<\/strong><\/p>\n<p>Foi nesse contexto que, durante a reuni\u00e3o, Gra\u00e7a cogitou deixar o cargo, assim como toda a sua diretoria. Ela n\u00e3o relacionou essa possibilidade \u00e0s den\u00fancias da ex-gerente Venina Velosa da Fonseca, que diz t\u00ea-la alertado sobre desvios de recursos na \u00e1rea de Abastecimento ainda antes da Lava-Jato, desencadeada em mar\u00e7o deste ano.<\/p>\n<p>A presidente da Petrobras mencionou Venina rapidamente, dando a entender que a ex-gerente n\u00e3o \u00e9 confi\u00e1vel. O principal argumento foi a investiga\u00e7\u00e3o interna sobre a Refinaria Abreu e Lima, em Pernambuco, que apontou a responsabilidade de Venina no que a estatal chama de \u201cn\u00e3o conformidades\u201d detectadas. Foi por isso Venina perdeu o cargo de diretora-presidente da subsidi\u00e1ria da Petrobras em Cingapura, no \u00faltimo dia 19 de novembro. Na semana passada, a estatal afirmou que, Venina \u201camea\u00e7ou seus superiores de divulgar supostas irregularidades caso n\u00e3o fosse mantida na fun\u00e7\u00e3o gerencial\u201d.<\/p>\n<p>\u2014 Quando a investiga\u00e7\u00e3o interna sobre os contratos da Refinaria Abreu e Lima foi apresentada pela diretoria ao conselho, Venina apareceu do come\u00e7o ao fim, envolvida at\u00e9 a raiz do cabelo \u2014 disse a fonte.<\/p>\n<p>Na reuni\u00e3o do conselho, ainda segundo essa testemunha, Gra\u00e7a admitiu que recebeu \u201ctr\u00eas ou quatro e-mails\u201d de Venina, mas n\u00e3o os respondeu. Um deles teria sido no dia de seu anivers\u00e1rio, ainda antes de se tornar presidente da Petrobras. De fato, Venina alega ter alertado Gra\u00e7a sobre contratos superfaturados na diretoria de Abastecimento quando a atual presidente ainda era diretora de G\u00e1s e Energia. Gra\u00e7a ocupou esse cargo entre 2007 e 2012, quando foi indicada por Dilma para substituir o ent\u00e3o presidente Jos\u00e9 S\u00e9rgio Gabrielli. A Petrobras n\u00e3o se pronunciou sobre a reuni\u00e3o.<\/p>\n<p>Segundo um executivo da estatal, Venina foi a principal auxiliar de Costa entre 2005 e 2009, mas teria tentado se afastar dele ao ver que Gra\u00e7a tinha mais chances de presidir a estatal se Dilma se tornasse presidente. Como gerente executiva da \u00e1rea corporativa do Abastecimento, Venina tinha inger\u00eancia sobre todas as decis\u00f5es relativas a contratos e aditivos da diretoria.<\/p>\n<p>Outra fonte diz que Venina poderia n\u00e3o ter sabido do que Costa fazia porque ele era conhecido por fazer reuni\u00f5es \u201cteatrais\u201d com empreiteiros. Para essa fonte, Gra\u00e7a teria interesse em desqualificar Venina para invalidar suas den\u00fancias.<\/p>\n<p>Fonte: O Globo\u00a0 \/ Alexandre Rodrigues \/ Simone Iglesias<\/p>\n","protected":false},"excerpt":{"rendered":"<p>Presidente da estatal cogitou deixar o cargo para viabilizar balan\u00e7o Em meio a uma s\u00e9rie de den\u00fancias de corrup\u00e7\u00e3o na Petrobras, a presidente Dilma Rousseff&#8230;<\/p>\n","protected":false},"author":1182,"featured_media":9661,"comment_status":"closed","ping_status":"closed","sticky":false,"template":"","format":"standard","meta":{"footnotes":""},"categories":[6],"tags":[],"class_list":["post-9660","post","type-post","status-publish","format-standard","has-post-thumbnail","hentry","category-noticias"],"_links":{"self":[{"href":"https:\/\/www.sincomam.org.br\/index.php\/wp-json\/wp\/v2\/posts\/9660","targetHints":{"allow":["GET"]}}],"collection":[{"href":"https:\/\/www.sincomam.org.br\/index.php\/wp-json\/wp\/v2\/posts"}],"about":[{"href":"https:\/\/www.sincomam.org.br\/index.php\/wp-json\/wp\/v2\/types\/post"}],"author":[{"embeddable":true,"href":"https:\/\/www.sincomam.org.br\/index.php\/wp-json\/wp\/v2\/users\/1182"}],"replies":[{"embeddable":true,"href":"https:\/\/www.sincomam.org.br\/index.php\/wp-json\/wp\/v2\/comments?post=9660"}],"version-history":[{"count":2,"href":"https:\/\/www.sincomam.org.br\/index.php\/wp-json\/wp\/v2\/posts\/9660\/revisions"}],"predecessor-version":[{"id":9673,"href":"https:\/\/www.sincomam.org.br\/index.php\/wp-json\/wp\/v2\/posts\/9660\/revisions\/9673"}],"wp:featuredmedia":[{"embeddable":true,"href":"https:\/\/www.sincomam.org.br\/index.php\/wp-json\/wp\/v2\/media\/9661"}],"wp:attachment":[{"href":"https:\/\/www.sincomam.org.br\/index.php\/wp-json\/wp\/v2\/media?parent=9660"}],"wp:term":[{"taxonomy":"category","embeddable":true,"href":"https:\/\/www.sincomam.org.br\/index.php\/wp-json\/wp\/v2\/categories?post=9660"},{"taxonomy":"post_tag","embeddable":true,"href":"https:\/\/www.sincomam.org.br\/index.php\/wp-json\/wp\/v2\/tags?post=9660"}],"curies":[{"name":"wp","href":"https:\/\/api.w.org\/{rel}","templated":true}]}}