{"id":9654,"date":"2014-12-16T12:33:02","date_gmt":"2014-12-16T14:33:02","guid":{"rendered":"http:\/\/www.sincomam.org.br\/?p=9654"},"modified":"2014-12-16T12:33:02","modified_gmt":"2014-12-16T14:33:02","slug":"camara-promove-audiencia-publica-para-discutir-porto-seco","status":"publish","type":"post","link":"https:\/\/www.sincomam.org.br\/index.php\/camara-promove-audiencia-publica-para-discutir-porto-seco\/","title":{"rendered":"C\u00e2mara promove Audi\u00eancia P\u00fablica para discutir porto seco"},"content":{"rendered":"<p>A C\u00e2mara de Vereadores de Foz do Igua\u00e7u promove, hoje, ter\u00e7a-feira, 16, \u00e0s 19 horas, uma audi\u00eancia p\u00fablica para discutir o porto seco da cidade. A discuss\u00e3o tamb\u00e9m abrange transportadoras e operadoras de com\u00e9rcio exterior do munic\u00edpio.<\/p>\n<p>A reuni\u00e3o foi uma proposta do vereador Luiz Queiroga (DEM). Foram convidados: ACIFI; CODEFOZ, DNIT, DER, Conselho de Desenvolvimento dos Munic\u00edpios Lindeiros ao Lago de Itaipu, Receita Federal, entidades e autoridades municipais, tais como: Secretaria de Obras, de Meio ambiente, Seguran\u00e7a P\u00fablica e Secretaria Municipal de Trabalho, Desenvolvimento Socioecon\u00f4mico, Ind\u00fastria e Com\u00e9rcio. A audi\u00eancia \u00e9 aberta a todos e quem quiser fazer uso da tribuna livre, pode se inscrever anteriormente por <strong><em>http:\/\/www.cmfi.pr.gov.br\/indiqueAudiencia.php?p2=92<\/em><\/strong> ou durante o evento.<\/p>\n<p>Fonte: ClickFoz<\/p>\n","protected":false},"excerpt":{"rendered":"<p>A C\u00e2mara de Vereadores de Foz do Igua\u00e7u promove, hoje, ter\u00e7a-feira, 16, \u00e0s 19 horas, uma audi\u00eancia p\u00fablica para discutir o porto seco da cidade&#8230;.<\/p>\n","protected":false},"author":1182,"featured_media":9288,"comment_status":"closed","ping_status":"closed","sticky":false,"template":"","format":"standard","meta":{"footnotes":""},"categories":[6],"tags":[],"class_list":["post-9654","post","type-post","status-publish","format-standard","has-post-thumbnail","hentry","category-noticias"],"_links":{"self":[{"href":"https:\/\/www.sincomam.org.br\/index.php\/wp-json\/wp\/v2\/posts\/9654","targetHints":{"allow":["GET"]}}],"collection":[{"href":"https:\/\/www.sincomam.org.br\/index.php\/wp-json\/wp\/v2\/posts"}],"about":[{"href":"https:\/\/www.sincomam.org.br\/index.php\/wp-json\/wp\/v2\/types\/post"}],"author":[{"embeddable":true,"href":"https:\/\/www.sincomam.org.br\/index.php\/wp-json\/wp\/v2\/users\/1182"}],"replies":[{"embeddable":true,"href":"https:\/\/www.sincomam.org.br\/index.php\/wp-json\/wp\/v2\/comments?post=9654"}],"version-history":[{"count":1,"href":"https:\/\/www.sincomam.org.br\/index.php\/wp-json\/wp\/v2\/posts\/9654\/revisions"}],"predecessor-version":[{"id":9655,"href":"https:\/\/www.sincomam.org.br\/index.php\/wp-json\/wp\/v2\/posts\/9654\/revisions\/9655"}],"wp:featuredmedia":[{"embeddable":true,"href":"https:\/\/www.sincomam.org.br\/index.php\/wp-json\/wp\/v2\/media\/9288"}],"wp:attachment":[{"href":"https:\/\/www.sincomam.org.br\/index.php\/wp-json\/wp\/v2\/media?parent=9654"}],"wp:term":[{"taxonomy":"category","embeddable":true,"href":"https:\/\/www.sincomam.org.br\/index.php\/wp-json\/wp\/v2\/categories?post=9654"},{"taxonomy":"post_tag","embeddable":true,"href":"https:\/\/www.sincomam.org.br\/index.php\/wp-json\/wp\/v2\/tags?post=9654"}],"curies":[{"name":"wp","href":"https:\/\/api.w.org\/{rel}","templated":true}]}}