{"id":9628,"date":"2014-12-15T08:18:41","date_gmt":"2014-12-15T10:18:41","guid":{"rendered":"http:\/\/www.sincomam.org.br\/?p=9628"},"modified":"2014-12-13T12:45:00","modified_gmt":"2014-12-13T14:45:00","slug":"ministerio-da-saude-confirma-primeiro-caso-da-febre-do-nilo-no-pais","status":"publish","type":"post","link":"https:\/\/www.sincomam.org.br\/index.php\/ministerio-da-saude-confirma-primeiro-caso-da-febre-do-nilo-no-pais\/","title":{"rendered":"Minist\u00e9rio da Sa\u00fade confirma primeiro caso da febre do Nilo no pa\u00eds"},"content":{"rendered":"<p>O Minist\u00e9rio da Sa\u00fade confirmou nesta ter\u00e7a-feira (9) o primeiro caso de febre do Nilo Ocidental no pa\u00eds. O paciente \u00e9 um trabalhador rural do Piau\u00ed, que j\u00e1 recebeu alta hospitalar. Segundo a pasta, o homem, que estava internado no Instituto de Doen\u00e7as Tropicais Natan Portela, em Teresina, deve passar por reabilita\u00e7\u00e3o e fisioterapia.<\/p>\n<p>O caso estava em investiga\u00e7\u00e3o desde agosto. Na \u00e9poca, o trabalhador rural apresentou encefalite e o caso foi notificado como suspeito. A doen\u00e7a foi confirmada ap\u00f3s a realiza\u00e7\u00e3o de dois exames sorol\u00f3gicos com reagente para o v\u00edrus do Nilo Ocidental-VNO (IH e ELISA).<\/p>\n<p>De acordo com o minist\u00e9rio, o caso \u00e9 isolado e ainda n\u00e3o foi identificada a cadeia de transmiss\u00e3o. A pasta informou que a confirma\u00e7\u00e3o da doen\u00e7a n\u00e3o representa risco para sa\u00fade p\u00fablica do pa\u00eds.<\/p>\n<p>Mais quatro pessoas apresentaram sintomas neurol\u00f3gicos considerados suspeitos, mas exames feitos em laborat\u00f3rio descartaram a possibilidade de elas estarem com a febre do Nilo. Al\u00e9m dos casos que apresentaram sintomas, foram feitos testes em mais 18 pessoas da regi\u00e3o. Todos os resultados deram negativo, informou o minist\u00e9rio.<\/p>\n<p>A febre do Nilo Ocidental \u00e9 uma infec\u00e7\u00e3o causada por um v\u00edrus e transmitida por meio da picada de mosquitos comuns, principalmente do g\u00eanero Culex.\u00a0<\/p>\n<p>Em cerca de 80% dos casos verificados em humanos, n\u00e3o h\u00e1 sintomas. Nos demais casos, os sinais s\u00e3o semelhantes aos da gripe, como febre, fadiga, dores de cabe\u00e7a e musculares ou articulares. Menos de 1% dos humanos infectados ficam gravemente doentes, com sintomas como febre alta, rigidez na nuca, desorienta\u00e7\u00e3o, tremores, fraqueza muscular e paralisia.<\/p>\n<p>Segundo o Minist\u00e9rio da Sa\u00fade, n\u00e3o existe tratamento espec\u00edfico para a doen\u00e7a. O tratamento, basicamente de suporte, envolve hospitaliza\u00e7\u00e3o, reposi\u00e7\u00e3o intravenosa de fluidos, suporte respirat\u00f3rio e preven\u00e7\u00e3o de infec\u00e7\u00f5es secund\u00e1rias.<\/p>\n<p>Fonte: Ag\u00eancia Brasil<\/p>\n<p><strong>Veja tamb\u00e9m:<\/p>\n<p><a href=\"https:\/\/www.sincomam.org.br\/index.php\/primeiro-caso-de-febre-do-nilo-no-brasil-deve-ser-confirmado-nesta-segunda-feira\/\" target=\"_blank\"><em>Febre do Nilo \u00e9 transmitida atrav\u00e9s de mosquito infectado por um\u00a0p\u00e1ssaro silvestre vindo de regi\u00f5es end\u00eamicas da \u00c1frica ou \u00c1sia Ocidental<\/em><\/a><br \/><\/strong><\/p>\n","protected":false},"excerpt":{"rendered":"<p>O Minist\u00e9rio da Sa\u00fade confirmou nesta ter\u00e7a-feira (9) o primeiro caso de febre do Nilo Ocidental no pa\u00eds. O paciente \u00e9 um trabalhador rural do&#8230;<\/p>\n","protected":false},"author":1182,"featured_media":9475,"comment_status":"closed","ping_status":"closed","sticky":false,"template":"","format":"standard","meta":{"footnotes":""},"categories":[6],"tags":[],"class_list":["post-9628","post","type-post","status-publish","format-standard","has-post-thumbnail","hentry","category-noticias"],"_links":{"self":[{"href":"https:\/\/www.sincomam.org.br\/index.php\/wp-json\/wp\/v2\/posts\/9628","targetHints":{"allow":["GET"]}}],"collection":[{"href":"https:\/\/www.sincomam.org.br\/index.php\/wp-json\/wp\/v2\/posts"}],"about":[{"href":"https:\/\/www.sincomam.org.br\/index.php\/wp-json\/wp\/v2\/types\/post"}],"author":[{"embeddable":true,"href":"https:\/\/www.sincomam.org.br\/index.php\/wp-json\/wp\/v2\/users\/1182"}],"replies":[{"embeddable":true,"href":"https:\/\/www.sincomam.org.br\/index.php\/wp-json\/wp\/v2\/comments?post=9628"}],"version-history":[{"count":2,"href":"https:\/\/www.sincomam.org.br\/index.php\/wp-json\/wp\/v2\/posts\/9628\/revisions"}],"predecessor-version":[{"id":9633,"href":"https:\/\/www.sincomam.org.br\/index.php\/wp-json\/wp\/v2\/posts\/9628\/revisions\/9633"}],"wp:featuredmedia":[{"embeddable":true,"href":"https:\/\/www.sincomam.org.br\/index.php\/wp-json\/wp\/v2\/media\/9475"}],"wp:attachment":[{"href":"https:\/\/www.sincomam.org.br\/index.php\/wp-json\/wp\/v2\/media?parent=9628"}],"wp:term":[{"taxonomy":"category","embeddable":true,"href":"https:\/\/www.sincomam.org.br\/index.php\/wp-json\/wp\/v2\/categories?post=9628"},{"taxonomy":"post_tag","embeddable":true,"href":"https:\/\/www.sincomam.org.br\/index.php\/wp-json\/wp\/v2\/tags?post=9628"}],"curies":[{"name":"wp","href":"https:\/\/api.w.org\/{rel}","templated":true}]}}