{"id":9625,"date":"2014-12-15T08:12:21","date_gmt":"2014-12-15T10:12:21","guid":{"rendered":"http:\/\/www.sincomam.org.br\/?p=9625"},"modified":"2014-12-13T12:25:25","modified_gmt":"2014-12-13T14:25:25","slug":"comandante-da-marinha-comissao-da-verdade-cumpriu-o-papel-dela","status":"publish","type":"post","link":"https:\/\/www.sincomam.org.br\/index.php\/comandante-da-marinha-comissao-da-verdade-cumpriu-o-papel-dela\/","title":{"rendered":"Comandante da Marinha: Comiss\u00e3o da Verdade &#8216;cumpriu o papel dela&#8217;"},"content":{"rendered":"<p><strong><em>Almirante Moura Neto afirma que assunto n\u00e3o foi tratado com a presidente durante inaugura\u00e7\u00e3o em Itagua\u00ed<\/em><\/strong><\/p>\n<p>No primeiro evento a reunir a presidente Dilma Rousseff e os ministros militares depois da divulga\u00e7\u00e3o do relat\u00f3rio final da Comiss\u00e3o Nacional da Verdade, o comandante da Marinha, almirante J\u00falio Soares de Moura Neto, disse que a CNV \u201ccumpriu o papel dela\u201d, mas destacou que nem ele nem o governo se debru\u00e7aram sobre seu conte\u00fado ainda. O documento responsabiliza uma s\u00e9rie de militares pelos crimes cometidos durante a ditadura.<\/p>\n<p>\u2014 A Comiss\u00e3o Nacional da Verdade cumpriu o papel dela. Fez o relat\u00f3rio sobre o qual n\u00f3s n\u00e3o tivemos a oportunidade de nos debru\u00e7ar. Ent\u00e3o n\u00e3o podemos analisar o que foi escrito \u2014 disse o almirante, na terceira vez em que foi perguntado sobre as conclus\u00f5es da CNV. \u2014 A presidente disse que ia ser debru\u00e7ar sobre o relat\u00f3rio, e estamos esperando isso.<\/p>\n<p>Dilma e os ministros militares foram nesta sexta-feira a Itagua\u00ed para inaugurar o pr\u00e9dio principal do estaleiro de submarinos convencionais e nucleares que a Marinha e a Odebrecht constroem no Rio de Janeiro.<\/p>\n<p>No local, a presidente se encontrou com o ministro da Defesa, Celso Amorim, com os comandantes das tr\u00eas For\u00e7as Armadas, com o governador Luiz Fernando Pez\u00e3o e com Marcelo Odebrecht, presidente da empresa que leva seu sobrenome e que \u00e9 investigada pela Pol\u00edcia Federal na Opera\u00e7\u00e3o Lava-Jato.<\/p>\n<p>Em seu discurso, Dilma n\u00e3o fez qualquer men\u00e7\u00e3o \u00e0 Comiss\u00e3o da Verdade. Elogiou o pr\u00e9dio e afirmou que cada centavo dos R$ 28 bilh\u00f5es investidos no programa de submarinos \u00e9 fundamental para soberania do pa\u00eds e a luta por um assento permanente no Conselho de Seguran\u00e7a da ONU.<\/p>\n<p>\u2014 Em um futuro cada vez mais pr\u00f3ximo, a for\u00e7a naval brasileira poder\u00e1 escrever mais um feito em sua hist\u00f3ria: ter contribu\u00eddo decididamente para que nosso pa\u00eds integre um seleto grupo de cinco pa\u00edses integrantes do Conselho de Seguran\u00e7a das Na\u00e7\u00f5es Unidas que dominam a tecnologia de constru\u00e7\u00e3o de submarinos com propuls\u00e3o nuclear \u2014 destacou a presidente, reafirmando seu compromisso com este programa para os pr\u00f3ximos quatro anos.<\/p>\n<p>O projeto de submarinos do Brasil prev\u00ea a constru\u00e7\u00e3o de equipamentos convencionais e com propuls\u00e3o nuclear. Os primeiros submarinos convencionais est\u00e3o previstos para 2017. Os nucleares, para 2023.<\/p>\n<p>Antes de Itagua\u00ed, Dilma se encontrou com Pez\u00e3o e o prefeito Eduardo Paes no Hotel Windsor em Copacabana. Na pauta, a possibilidade de o deputado federal Pedro Paulo (PMDB) ocupar um minist\u00e9rio no segundo mandato. Paes, no entanto, negou a movimenta\u00e7\u00e3o, afirmando, pela primeira vez, que quer Pedro Paulo ao seu lado, como seu sucessor.<\/p>\n<p>\u2014 O Pedro Paulo vai ser o meu secret\u00e1rio. Ele \u00e9 o meu candidato a minha sucess\u00e3o. Estou vendo para onde ele volta no meu governo. Ser\u00e1 algo relacionado \u00e0 coordena\u00e7\u00e3o. Desde o in\u00edcio ele deixou claro que quer ficar no Rio.<\/p>\n<p>Fonte: O Globo \/ Foto: Antonio Cruz\/Ag\u00eancia Brasil<\/p>\n","protected":false},"excerpt":{"rendered":"<p>Almirante Moura Neto afirma que assunto n\u00e3o foi tratado com a presidente durante inaugura\u00e7\u00e3o em Itagua\u00ed No primeiro evento a reunir a presidente Dilma Rousseff&#8230;<\/p>\n","protected":false},"author":1182,"featured_media":9626,"comment_status":"closed","ping_status":"closed","sticky":false,"template":"","format":"standard","meta":{"footnotes":""},"categories":[6],"tags":[],"class_list":["post-9625","post","type-post","status-publish","format-standard","has-post-thumbnail","hentry","category-noticias"],"_links":{"self":[{"href":"https:\/\/www.sincomam.org.br\/index.php\/wp-json\/wp\/v2\/posts\/9625","targetHints":{"allow":["GET"]}}],"collection":[{"href":"https:\/\/www.sincomam.org.br\/index.php\/wp-json\/wp\/v2\/posts"}],"about":[{"href":"https:\/\/www.sincomam.org.br\/index.php\/wp-json\/wp\/v2\/types\/post"}],"author":[{"embeddable":true,"href":"https:\/\/www.sincomam.org.br\/index.php\/wp-json\/wp\/v2\/users\/1182"}],"replies":[{"embeddable":true,"href":"https:\/\/www.sincomam.org.br\/index.php\/wp-json\/wp\/v2\/comments?post=9625"}],"version-history":[{"count":1,"href":"https:\/\/www.sincomam.org.br\/index.php\/wp-json\/wp\/v2\/posts\/9625\/revisions"}],"predecessor-version":[{"id":9627,"href":"https:\/\/www.sincomam.org.br\/index.php\/wp-json\/wp\/v2\/posts\/9625\/revisions\/9627"}],"wp:featuredmedia":[{"embeddable":true,"href":"https:\/\/www.sincomam.org.br\/index.php\/wp-json\/wp\/v2\/media\/9626"}],"wp:attachment":[{"href":"https:\/\/www.sincomam.org.br\/index.php\/wp-json\/wp\/v2\/media?parent=9625"}],"wp:term":[{"taxonomy":"category","embeddable":true,"href":"https:\/\/www.sincomam.org.br\/index.php\/wp-json\/wp\/v2\/categories?post=9625"},{"taxonomy":"post_tag","embeddable":true,"href":"https:\/\/www.sincomam.org.br\/index.php\/wp-json\/wp\/v2\/tags?post=9625"}],"curies":[{"name":"wp","href":"https:\/\/api.w.org\/{rel}","templated":true}]}}