{"id":9618,"date":"2014-12-15T08:28:32","date_gmt":"2014-12-15T10:28:32","guid":{"rendered":"http:\/\/www.sincomam.org.br\/?p=9618"},"modified":"2014-12-13T12:01:34","modified_gmt":"2014-12-13T14:01:34","slug":"cerimonia-no-6o-distrito-naval-marca-o-dia-do-marinheiro-no-pantanal","status":"publish","type":"post","link":"https:\/\/www.sincomam.org.br\/index.php\/cerimonia-no-6o-distrito-naval-marca-o-dia-do-marinheiro-no-pantanal\/","title":{"rendered":"Cerim\u00f4nia no 6\u00ba Distrito Naval marca o Dia do Marinheiro no Pantanal"},"content":{"rendered":"<p><strong><em>Durante a cerim\u00f4nia foi lida a ordem do Dia do Marinheiro<\/em><\/strong><\/p>\n<p>Aconteceu na manh\u00e3 da \u00faltima sexta-feira (12), a cerim\u00f4nia comemorativa ao Dia do Marinheiro. Desta vez, em virtude da chuva, o comando do 6\u00b0 Distrito Naval de Lad\u00e1rio, promoveu o evento nas instala\u00e7\u00f5es do 4\u00b0 Esquadr\u00e3o de Helic\u00f3pteros de Emprego Geral (HU-4).<\/p>\n<p>A cerim\u00f4nia teve \u00e0 frente o contra-almirante Edervaldo Teixeira de Abreu Filho, comandante do Distrito Naval, e contou com as presen\u00e7as do prefeito Paulo Duarte, de Corumb\u00e1, e Jos\u00e9 Ant\u00f4nio Assad e Faria, de Lad\u00e1rio; vereadores, al\u00e9m de outras autoridades civis, militares e convidados.<\/p>\n<p>Durante a cerim\u00f4nia foi lida a ordem do Dia do Marinheiro, feita pelo Comandante da Marinha do Brasil, almirante de esquadra J\u00falio Soares de Moura Neto.<\/p>\n<p>Fonte: Correio do Estado<br \/>Foto: ilustrativa<\/p>\n","protected":false},"excerpt":{"rendered":"<p>Durante a cerim\u00f4nia foi lida a ordem do Dia do Marinheiro Aconteceu na manh\u00e3 da \u00faltima sexta-feira (12), a cerim\u00f4nia comemorativa ao Dia do Marinheiro&#8230;.<\/p>\n","protected":false},"author":1182,"featured_media":9404,"comment_status":"closed","ping_status":"closed","sticky":false,"template":"","format":"standard","meta":{"footnotes":""},"categories":[6],"tags":[],"class_list":["post-9618","post","type-post","status-publish","format-standard","has-post-thumbnail","hentry","category-noticias"],"_links":{"self":[{"href":"https:\/\/www.sincomam.org.br\/index.php\/wp-json\/wp\/v2\/posts\/9618","targetHints":{"allow":["GET"]}}],"collection":[{"href":"https:\/\/www.sincomam.org.br\/index.php\/wp-json\/wp\/v2\/posts"}],"about":[{"href":"https:\/\/www.sincomam.org.br\/index.php\/wp-json\/wp\/v2\/types\/post"}],"author":[{"embeddable":true,"href":"https:\/\/www.sincomam.org.br\/index.php\/wp-json\/wp\/v2\/users\/1182"}],"replies":[{"embeddable":true,"href":"https:\/\/www.sincomam.org.br\/index.php\/wp-json\/wp\/v2\/comments?post=9618"}],"version-history":[{"count":1,"href":"https:\/\/www.sincomam.org.br\/index.php\/wp-json\/wp\/v2\/posts\/9618\/revisions"}],"predecessor-version":[{"id":9619,"href":"https:\/\/www.sincomam.org.br\/index.php\/wp-json\/wp\/v2\/posts\/9618\/revisions\/9619"}],"wp:featuredmedia":[{"embeddable":true,"href":"https:\/\/www.sincomam.org.br\/index.php\/wp-json\/wp\/v2\/media\/9404"}],"wp:attachment":[{"href":"https:\/\/www.sincomam.org.br\/index.php\/wp-json\/wp\/v2\/media?parent=9618"}],"wp:term":[{"taxonomy":"category","embeddable":true,"href":"https:\/\/www.sincomam.org.br\/index.php\/wp-json\/wp\/v2\/categories?post=9618"},{"taxonomy":"post_tag","embeddable":true,"href":"https:\/\/www.sincomam.org.br\/index.php\/wp-json\/wp\/v2\/tags?post=9618"}],"curies":[{"name":"wp","href":"https:\/\/api.w.org\/{rel}","templated":true}]}}