{"id":9605,"date":"2014-12-15T08:00:34","date_gmt":"2014-12-15T10:00:34","guid":{"rendered":"http:\/\/www.sincomam.org.br\/?p=9605"},"modified":"2014-12-13T10:56:42","modified_gmt":"2014-12-13T12:56:42","slug":"dilma-inaugura-no-rio-estaleiro-que-construira-submarino-nuclear","status":"publish","type":"post","link":"https:\/\/www.sincomam.org.br\/index.php\/dilma-inaugura-no-rio-estaleiro-que-construira-submarino-nuclear\/","title":{"rendered":"Dilma inaugura no Rio estaleiro que construir\u00e1 submarino nuclear"},"content":{"rendered":"<p><strong><em>Pr\u00e9dio fica em Itagua\u00ed (RJ); projeto tem investimento de R$ 28 bilh\u00f5es<\/em><\/strong><\/p>\n<p>A presidente Dilma Rousseff inaugurou nesta sexta-feira (12), em Itagua\u00ed (RJ), o pr\u00e9dio principal do estaleiro que ser\u00e1 utilizado para a constru\u00e7\u00e3o de cinco submarinos nucleares brasileiros. O projeto prev\u00ea investimentos de R$ 28 bilh\u00f5es.<\/p>\n<p>Al\u00e9m da presidente, participaram da cerim\u00f4nia o governador do Rio, Luiz Fernando Pez\u00e3o; o ministro da Defesa, Celso Amorim; o comandante da Marinha, Julio Soares de Moura Neto; o comandante do Ex\u00e9rcito, Enzo Peri; e o comandante da Aeron\u00e1utica, Juniti Saito.<\/p>\n<p>A constru\u00e7\u00e3o dos submarinos \u00e9 fruto de parceria entre Brasil e Fran\u00e7a firmado em 2008, que inclui transfer\u00eancia de tecnologia. Al\u00e9m de fortalecer os investimentos na ind\u00fastria militar, o projeto tem como objetivo proteger a costa mar\u00edtima brasileira, especialmente nas \u00e1reas de explora\u00e7\u00e3o de petr\u00f3leo.<\/p>\n<p>O projeto, assinado pelos ex-presidentes Luiz In\u00e1cio Lula da Silva e Nicolas Sarkozy, prev\u00ea a produ\u00e7\u00e3o de quatro submarinos convencionais do modelo Scorp\u00e8ne e um nuclear.<\/p>\n<p>Segundo Dilma, em um futuro &#8220;cada vez mais pr\u00f3ximo&#8221; o Brasil integrar\u00e1 um &#8220;grupo seleto&#8221; de cinco pa\u00edses que dominam a tecnologia de propuls\u00e3o nuclear para a constru\u00e7\u00e3o de submarinos.<\/p>\n<p>&#8220;Tenho certeza de que cada centavo que estamos investindo no programa valer\u00e1 a pena [&#8230;] Estruturamos uma pol\u00edtica que est\u00e1 permtindo ampliar os investimentos nas nossas For\u00e7as Armadas&#8221;, destacou Dilma em seu discurso.<\/p>\n<p>A presidente tamb\u00e9m comentou que o Brasil \u00e9 um pa\u00eds &#8220;pac\u00edfico&#8221; e que permanecer\u00e1 assim, mas que isso n\u00e3o significa &#8220;descuidar&#8221; da prote\u00e7\u00e3o de suas fronteiras e deixar de investir em novas tecnologias.<\/p>\n<p>&#8220;Temos um patrim\u00f4nio muito valioso a proteger e parte dele est\u00e1 em nossas \u00e1guas. A imensid\u00e3o da Amaz\u00f4nia azul guarda recursos decisivos para o desenvolvimento do nosso pa\u00eds. \u00c9 preciso contar com uma Marinha moderna para exercer o seu papel constitucional de garantir a soberania do nosso pa\u00eds&#8221;, explicou a presidente diante dos comandantes das For\u00e7as Armadas.<\/p>\n<p><strong>Patrulha das \u00e1guas<\/strong><\/p>\n<p>Questionado pelo motivo de o Brasil investir na constru\u00e7\u00e3o de submarinos, uma vez que n\u00e3o tem inimigos, o comandante da Marinha do Brasil, almirante de esquadra Julio Soares de Moura Neto, explicou que a fun\u00e7\u00e3o dos submarinos \u00e9 patrulhar as \u00e1guas brasileiras.<\/p>\n<p>&#8220;Hoje em dia, as marinhas n\u00e3o se preocupam com inimigos. Elas se preocupam em serem capazes. A Marinha do Brasil tem que ser capaz de patrulhar suas \u00e1guas, que s\u00e3o muito extensas. S\u00e3o 4,5 mil quil\u00f4metros quadrados na Amaz\u00f4nia Azul. Temos que ser instrumento de dissuas\u00e3o. As pessoas t\u00eam que saber que se forem l\u00e1 v\u00e3o encontrar uma defesa capaz&#8221;, disse o almirante.<\/p>\n<p>Fonte: G1 \/ Foto: T\u00e2nia R\u00eago\/ Ag\u00eancia Brasil<\/p>\n","protected":false},"excerpt":{"rendered":"<p>Pr\u00e9dio fica em Itagua\u00ed (RJ); projeto tem investimento de R$ 28 bilh\u00f5es A presidente Dilma Rousseff inaugurou nesta sexta-feira (12), em Itagua\u00ed (RJ), o pr\u00e9dio&#8230;<\/p>\n","protected":false},"author":1182,"featured_media":9606,"comment_status":"closed","ping_status":"closed","sticky":false,"template":"","format":"standard","meta":{"footnotes":""},"categories":[6],"tags":[],"class_list":["post-9605","post","type-post","status-publish","format-standard","has-post-thumbnail","hentry","category-noticias"],"_links":{"self":[{"href":"https:\/\/www.sincomam.org.br\/index.php\/wp-json\/wp\/v2\/posts\/9605","targetHints":{"allow":["GET"]}}],"collection":[{"href":"https:\/\/www.sincomam.org.br\/index.php\/wp-json\/wp\/v2\/posts"}],"about":[{"href":"https:\/\/www.sincomam.org.br\/index.php\/wp-json\/wp\/v2\/types\/post"}],"author":[{"embeddable":true,"href":"https:\/\/www.sincomam.org.br\/index.php\/wp-json\/wp\/v2\/users\/1182"}],"replies":[{"embeddable":true,"href":"https:\/\/www.sincomam.org.br\/index.php\/wp-json\/wp\/v2\/comments?post=9605"}],"version-history":[{"count":1,"href":"https:\/\/www.sincomam.org.br\/index.php\/wp-json\/wp\/v2\/posts\/9605\/revisions"}],"predecessor-version":[{"id":9607,"href":"https:\/\/www.sincomam.org.br\/index.php\/wp-json\/wp\/v2\/posts\/9605\/revisions\/9607"}],"wp:featuredmedia":[{"embeddable":true,"href":"https:\/\/www.sincomam.org.br\/index.php\/wp-json\/wp\/v2\/media\/9606"}],"wp:attachment":[{"href":"https:\/\/www.sincomam.org.br\/index.php\/wp-json\/wp\/v2\/media?parent=9605"}],"wp:term":[{"taxonomy":"category","embeddable":true,"href":"https:\/\/www.sincomam.org.br\/index.php\/wp-json\/wp\/v2\/categories?post=9605"},{"taxonomy":"post_tag","embeddable":true,"href":"https:\/\/www.sincomam.org.br\/index.php\/wp-json\/wp\/v2\/tags?post=9605"}],"curies":[{"name":"wp","href":"https:\/\/api.w.org\/{rel}","templated":true}]}}