{"id":9583,"date":"2014-12-11T10:22:46","date_gmt":"2014-12-11T12:22:46","guid":{"rendered":"http:\/\/www.sincomam.org.br\/?p=9583"},"modified":"2014-12-11T10:22:46","modified_gmt":"2014-12-11T12:22:46","slug":"log-in-protocola-junto-a-sep-prorrogacao-antecipada-do-arrendamento-do-tvv","status":"publish","type":"post","link":"https:\/\/www.sincomam.org.br\/index.php\/log-in-protocola-junto-a-sep-prorrogacao-antecipada-do-arrendamento-do-tvv\/","title":{"rendered":"Log-In protocola junto a SEP prorroga\u00e7\u00e3o antecipada do arrendamento do TVV"},"content":{"rendered":"<p><strong><em>O investimento total previsto entre 2015 e 2048 \u00e9 de R$ 301 milh\u00f5es, sendo R$ 148 milh\u00f5es entre 2015 e 2018<\/em><\/strong><\/p>\n<p>A Log-In protocolou junto a SEP (Secretaria de Portos) o pedido de prorroga\u00e7\u00e3o antecipada do contrato de arrendamento do TVV (Terminal de Vila Velha). O contrato de arrendamento do TVV com a Codesa (Companhia Docas do Esp\u00edrito Santo) tem per\u00edodo inicial de encerramento em agosto de 2023 sendo que h\u00e1 prerrogativas contratuais de per\u00edodo adicional de 25 anos. A prorroga\u00e7\u00e3o antecipada contempla um novo per\u00edodo de 25 anos \u00e1 partir de setembro de 2023.<\/p>\n<p>O investimento total previsto entre 2015 e 2048 \u00e9 de R$ 301 milh\u00f5es, sendo R$ 148 milh\u00f5es entre 2015 e 2018, os quais ser\u00e3o utilizados para expans\u00e3o de \u00e1rea, ber\u00e7o, aquisi\u00e7\u00e3o de equipamentos e adequa\u00e7\u00f5es nas instala\u00e7\u00f5es. Para o financiamento dos investimentos previstos neste plano de expans\u00e3o foram considerados linhas de cr\u00e9dito do Bndes (Banco Nacional de Desenvolvimento Econ\u00f4mico e Social) e ag\u00eancias de fomento.<\/p>\n<p>Localizado em Vila Velha, o TVV, \u00e9 especializado na opera\u00e7\u00e3o de navios de cont\u00eaineres e carga geral, reconhecido no mercado como um dos terminais brasileiros de melhor \u00edndice de produtividade nas opera\u00e7\u00f5es de embarque e desembarque de cont\u00eaineres. Al\u00e9m disso, o terminal possui atualmente infraestrutura para distribui\u00e7\u00e3o de cargas atrav\u00e9s de modais rodovi\u00e1rios, ferrovi\u00e1rios e mar\u00edtimos, tem uma \u00e1rea de 108 mil m2 e capacidade nominal de 350 mil Teus.<\/p>\n<p>Fonte: Guia Mar\u00edtimo<\/p>\n","protected":false},"excerpt":{"rendered":"<p>O investimento total previsto entre 2015 e 2048 \u00e9 de R$ 301 milh\u00f5es, sendo R$ 148 milh\u00f5es entre 2015 e 2018 A Log-In protocolou junto&#8230;<\/p>\n","protected":false},"author":1182,"featured_media":3597,"comment_status":"closed","ping_status":"closed","sticky":false,"template":"","format":"standard","meta":{"footnotes":""},"categories":[6],"tags":[],"class_list":["post-9583","post","type-post","status-publish","format-standard","has-post-thumbnail","hentry","category-noticias"],"_links":{"self":[{"href":"https:\/\/www.sincomam.org.br\/index.php\/wp-json\/wp\/v2\/posts\/9583","targetHints":{"allow":["GET"]}}],"collection":[{"href":"https:\/\/www.sincomam.org.br\/index.php\/wp-json\/wp\/v2\/posts"}],"about":[{"href":"https:\/\/www.sincomam.org.br\/index.php\/wp-json\/wp\/v2\/types\/post"}],"author":[{"embeddable":true,"href":"https:\/\/www.sincomam.org.br\/index.php\/wp-json\/wp\/v2\/users\/1182"}],"replies":[{"embeddable":true,"href":"https:\/\/www.sincomam.org.br\/index.php\/wp-json\/wp\/v2\/comments?post=9583"}],"version-history":[{"count":1,"href":"https:\/\/www.sincomam.org.br\/index.php\/wp-json\/wp\/v2\/posts\/9583\/revisions"}],"predecessor-version":[{"id":9584,"href":"https:\/\/www.sincomam.org.br\/index.php\/wp-json\/wp\/v2\/posts\/9583\/revisions\/9584"}],"wp:featuredmedia":[{"embeddable":true,"href":"https:\/\/www.sincomam.org.br\/index.php\/wp-json\/wp\/v2\/media\/3597"}],"wp:attachment":[{"href":"https:\/\/www.sincomam.org.br\/index.php\/wp-json\/wp\/v2\/media?parent=9583"}],"wp:term":[{"taxonomy":"category","embeddable":true,"href":"https:\/\/www.sincomam.org.br\/index.php\/wp-json\/wp\/v2\/categories?post=9583"},{"taxonomy":"post_tag","embeddable":true,"href":"https:\/\/www.sincomam.org.br\/index.php\/wp-json\/wp\/v2\/tags?post=9583"}],"curies":[{"name":"wp","href":"https:\/\/api.w.org\/{rel}","templated":true}]}}