{"id":9576,"date":"2014-12-11T10:11:05","date_gmt":"2014-12-11T12:11:05","guid":{"rendered":"http:\/\/www.sincomam.org.br\/?p=9576"},"modified":"2014-12-11T10:11:05","modified_gmt":"2014-12-11T12:11:05","slug":"capitania-dos-portos-de-itajai-abre-visitacao-em-navios-de-avisos-de-instrucao","status":"publish","type":"post","link":"https:\/\/www.sincomam.org.br\/index.php\/capitania-dos-portos-de-itajai-abre-visitacao-em-navios-de-avisos-de-instrucao\/","title":{"rendered":"Capitania dos Portos de Itaja\u00ed abre visita\u00e7\u00e3o em Navios de Avisos de Instru\u00e7\u00e3o"},"content":{"rendered":"<p><strong><em>Tr\u00eas embarca\u00e7\u00f5es de 28 metros de comprimento podem ser conferidas at\u00e9 quinta-feira<\/em><\/strong><\/p>\n<p>Na semana em que se comemora o Dia do Marinheiro, no pr\u00f3ximo s\u00e1bado, o p\u00eder da Delegacia da Capitania dos Portos em Itaja\u00ed recebe os Navios de Avisos de Instru\u00e7\u00e3o da Escola Naval da Marinha brasileira, que est\u00e3o abertos \u00e0 visita\u00e7\u00e3o gratuita nesta quarta e quinta-feira, das 14h \u00e0s 17h.<\/p>\n<p>A flotilha \u00e9 composta pelos Avisos de Instru\u00e7\u00e3o &#8220;Aspirante Nascimento&#8221; (U-10), &#8220;Guarda-Marinha Jansen&#8221; (U-11) e &#8220;Guarda-Marinha Brito&#8221; (U-12), que foram constru\u00eddos pelo estaleiro Ebrasa, em Itaja\u00ed.<\/p>\n<p>Os nomes das embarca\u00e7\u00f5es homenageiam tr\u00eas brasileiros que morreram na Guerra do Paraguai e na 2\u00aa Guerra Mundial. Navegando cerca de 110 dias de mar ao ano, os Avisos t\u00eam como miss\u00e3o a instru\u00e7\u00e3o e adestramento pr\u00e1tico de navega\u00e7\u00e3o, t\u00e1tica naval e manobra para os aspirantes dos diversos anos da Escola Naval.<\/p>\n<p>Cada navio tem 28 metros de comprimento e conta com uma tripula\u00e7\u00e3o de 12 pra\u00e7as e dois oficiais do Corpo da Armada. Depois de Itaja\u00ed, os Avisos atracar\u00e3o ainda em Florian\u00f3polis e no Porto de Santos (SP).<\/p>\n<p>Fonte: O Sol Di\u00e1rio<br \/><span>Foto: Marcos Porto \/ Agencia RBS<\/span><\/p>\n","protected":false},"excerpt":{"rendered":"<p>Tr\u00eas embarca\u00e7\u00f5es de 28 metros de comprimento podem ser conferidas at\u00e9 quinta-feira Na semana em que se comemora o Dia do Marinheiro, no pr\u00f3ximo s\u00e1bado,&#8230;<\/p>\n","protected":false},"author":1182,"featured_media":9578,"comment_status":"closed","ping_status":"closed","sticky":false,"template":"","format":"standard","meta":{"footnotes":""},"categories":[6],"tags":[],"class_list":["post-9576","post","type-post","status-publish","format-standard","has-post-thumbnail","hentry","category-noticias"],"_links":{"self":[{"href":"https:\/\/www.sincomam.org.br\/index.php\/wp-json\/wp\/v2\/posts\/9576","targetHints":{"allow":["GET"]}}],"collection":[{"href":"https:\/\/www.sincomam.org.br\/index.php\/wp-json\/wp\/v2\/posts"}],"about":[{"href":"https:\/\/www.sincomam.org.br\/index.php\/wp-json\/wp\/v2\/types\/post"}],"author":[{"embeddable":true,"href":"https:\/\/www.sincomam.org.br\/index.php\/wp-json\/wp\/v2\/users\/1182"}],"replies":[{"embeddable":true,"href":"https:\/\/www.sincomam.org.br\/index.php\/wp-json\/wp\/v2\/comments?post=9576"}],"version-history":[{"count":1,"href":"https:\/\/www.sincomam.org.br\/index.php\/wp-json\/wp\/v2\/posts\/9576\/revisions"}],"predecessor-version":[{"id":9579,"href":"https:\/\/www.sincomam.org.br\/index.php\/wp-json\/wp\/v2\/posts\/9576\/revisions\/9579"}],"wp:featuredmedia":[{"embeddable":true,"href":"https:\/\/www.sincomam.org.br\/index.php\/wp-json\/wp\/v2\/media\/9578"}],"wp:attachment":[{"href":"https:\/\/www.sincomam.org.br\/index.php\/wp-json\/wp\/v2\/media?parent=9576"}],"wp:term":[{"taxonomy":"category","embeddable":true,"href":"https:\/\/www.sincomam.org.br\/index.php\/wp-json\/wp\/v2\/categories?post=9576"},{"taxonomy":"post_tag","embeddable":true,"href":"https:\/\/www.sincomam.org.br\/index.php\/wp-json\/wp\/v2\/tags?post=9576"}],"curies":[{"name":"wp","href":"https:\/\/api.w.org\/{rel}","templated":true}]}}