{"id":9574,"date":"2014-12-11T10:06:11","date_gmt":"2014-12-11T12:06:11","guid":{"rendered":"http:\/\/www.sincomam.org.br\/?p=9574"},"modified":"2014-12-11T10:06:11","modified_gmt":"2014-12-11T12:06:11","slug":"capitania-dos-portos-envia-equipe-para-soure-onde-barco-naufragou","status":"publish","type":"post","link":"https:\/\/www.sincomam.org.br\/index.php\/capitania-dos-portos-envia-equipe-para-soure-onde-barco-naufragou\/","title":{"rendered":"Capitania dos Portos envia equipe para Soure, onde barco naufragou"},"content":{"rendered":"<p><strong><em>Marinha afirma que situa\u00e7\u00e3o da embarca\u00e7\u00e3o \u00e9 regular. Adolescente de 17 anos morreu no naufr\u00e1gio<\/em><\/strong><\/p>\n<p>A Capitania dos Portos encaminhou uma equipe nesta quarta-feira (10) para Soure, na ilha do Maraj\u00f3, onde um barco naufragou. Segundo a Marinha, a situa\u00e7\u00e3o da embarca\u00e7\u00e3o \u00e9 regular. O acidente ocorreu na praia do Pesqueiro por volta das 8h30.<\/p>\n<p>Segundo testemunhas, o barco transportava dois passageiros al\u00e9m da capacidade. Um adolescente de 17 anos morreu no naufr\u00e1gio. De acordo com a tenente Samara, 20 pessoas estavam a bordo do Iade Trindade quando aconteceu o naufr\u00e1gio e o jovem foi resgatado sem vida na embarca\u00e7\u00e3o j\u00e1 debaixo d&#8217;\u00e1gua.<\/p>\n<p>Um inqu\u00e9rito ser\u00e1 instaurado para apurar as causas do acidente. O laudo dever\u00e1 ficar pronto em at\u00e9 90 dias.<\/p>\n<p>Fonte: G1 \/ Par\u00e1<\/p>\n","protected":false},"excerpt":{"rendered":"<p>Marinha afirma que situa\u00e7\u00e3o da embarca\u00e7\u00e3o \u00e9 regular. Adolescente de 17 anos morreu no naufr\u00e1gio A Capitania dos Portos encaminhou uma equipe nesta quarta-feira (10)&#8230;<\/p>\n","protected":false},"author":1182,"featured_media":0,"comment_status":"closed","ping_status":"closed","sticky":false,"template":"","format":"standard","meta":{"footnotes":""},"categories":[6],"tags":[1111,934,15,621,513],"class_list":["post-9574","post","type-post","status-publish","format-standard","hentry","category-noticias","tag-adolescentes","tag-barco","tag-marinha","tag-naufragio","tag-para"],"_links":{"self":[{"href":"https:\/\/www.sincomam.org.br\/index.php\/wp-json\/wp\/v2\/posts\/9574","targetHints":{"allow":["GET"]}}],"collection":[{"href":"https:\/\/www.sincomam.org.br\/index.php\/wp-json\/wp\/v2\/posts"}],"about":[{"href":"https:\/\/www.sincomam.org.br\/index.php\/wp-json\/wp\/v2\/types\/post"}],"author":[{"embeddable":true,"href":"https:\/\/www.sincomam.org.br\/index.php\/wp-json\/wp\/v2\/users\/1182"}],"replies":[{"embeddable":true,"href":"https:\/\/www.sincomam.org.br\/index.php\/wp-json\/wp\/v2\/comments?post=9574"}],"version-history":[{"count":1,"href":"https:\/\/www.sincomam.org.br\/index.php\/wp-json\/wp\/v2\/posts\/9574\/revisions"}],"predecessor-version":[{"id":9575,"href":"https:\/\/www.sincomam.org.br\/index.php\/wp-json\/wp\/v2\/posts\/9574\/revisions\/9575"}],"wp:attachment":[{"href":"https:\/\/www.sincomam.org.br\/index.php\/wp-json\/wp\/v2\/media?parent=9574"}],"wp:term":[{"taxonomy":"category","embeddable":true,"href":"https:\/\/www.sincomam.org.br\/index.php\/wp-json\/wp\/v2\/categories?post=9574"},{"taxonomy":"post_tag","embeddable":true,"href":"https:\/\/www.sincomam.org.br\/index.php\/wp-json\/wp\/v2\/tags?post=9574"}],"curies":[{"name":"wp","href":"https:\/\/api.w.org\/{rel}","templated":true}]}}