{"id":9530,"date":"2014-12-10T09:53:44","date_gmt":"2014-12-10T11:53:44","guid":{"rendered":"http:\/\/www.sincomam.org.br\/?p=9530"},"modified":"2014-12-10T09:53:44","modified_gmt":"2014-12-10T11:53:44","slug":"pf-indicia-12-executivos-e-suposto-operador-do-pmdb","status":"publish","type":"post","link":"https:\/\/www.sincomam.org.br\/index.php\/pf-indicia-12-executivos-e-suposto-operador-do-pmdb\/","title":{"rendered":"PF indicia 12 executivos e suposto operador do PMDB"},"content":{"rendered":"<p>A Pol\u00edcia Federal (PF) indiciou por corrup\u00e7\u00e3o 12 executivos das empreiteiras Mendes J\u00fanior, OAS, Galv\u00e3o Engenharia e Queiroz Galv\u00e3o, al\u00e9m do suposto operador do PMDB na Petrobras, Fernando Soares, presos e investigados durante a s\u00e9tima fase da opera\u00e7\u00e3o Lava-Jato.<\/p>\n<p>O indiciamento significa apenas que a PF est\u00e1 convencida de que os dirigentes e funcion\u00e1rios de algumas das maiores empreiteiras do pa\u00eds praticaram ainda crimes de lavagem de dinheiro, fraude \u00e0 Lei de Licita\u00e7\u00f5es, falsidade ideol\u00f3gica e falsifica\u00e7\u00e3o de documentos.<\/p>\n<p>Foram indiciados na Mendes J\u00fanior: o vice-presidente Sergio Cunha Mendes; o gerente financeiro Fl\u00e1vio S\u00e1 Motta Pinheiro, Rog\u00e9rio Cunha de Oliveira e Angelo Alves Mendes.<\/p>\n<p>Na OAS: o presidente Jos\u00e9 Aldem\u00e1rio Pinheiro Filho; o vice-presidente do conselho de administra\u00e7\u00e3o, Mateus Coutinho S\u00e1 Oliveira; o diretor Agenor Franklin Magalh\u00e3es; Jos\u00e9 Ricardo Nogueira Breghirolli &#8211; apontado como o contato do doleiro Alberto Youssef na OAS -; e o advogado da empreiteira, Alexandre Portela Barbosa.<\/p>\n<p>Tamb\u00e9m foram indiciados Erton Galv\u00e3o Fonseca, da Galv\u00e3o Engenharia e os executivos da Queiroz Galv\u00e3o, Othon Zanoide de Moraes e Ildefonso Colares Filho.<\/p>\n<p>No relat\u00f3rio em que justifica os indiciamentos, a delegada Erika Marena ressalta as doa\u00e7\u00f5es feitas pelas empresas &#8220;para partidos pol\u00edticos&#8221;.<\/p>\n<p>A PF suspeita que as doa\u00e7\u00f5es l\u00edcitas de campanha, registradas na Justi\u00e7a Eleitoral, tenham sido financiadas com verbas desviadas da Petrobras.<\/p>\n<p>Sobre a Mendes J\u00fanior, a PF destacou: &#8221; O esquema criminoso vinha sendo bem-sucedido em raz\u00e3o de a ele ser aquiescido uma s\u00e9rie de personagens, desde os &#8216;meros&#8217; couriers, at\u00e9 os grandes pagadores de propinas, cujo objetivo era a obten\u00e7\u00e3o de facilidades nos contratos com a Petrobras&#8221;.<\/p>\n<p>A PF tamb\u00e9m mencionou em um dos relat\u00f3rios dos indiciamentos que a an\u00e1lise do material apreendido no escrit\u00f3rio de Youssef em S\u00e3o Paulo apontou a exist\u00eancia de contratos de fachada entre empreiteiras e a GFD &#8211; empresa que a PF reputa existir apenas no papel.<\/p>\n<p>Os indiciamentos dos executivos das empreiteiras investigadas pela opera\u00e7\u00e3o Lava-Jato ocorrem na imin\u00eancia da den\u00fancia criminal que ser\u00e1 apresentada amanh\u00e3 pelo Minist\u00e9rio P\u00fablico Federal.<\/p>\n<p>Os procuradores da Rep\u00fablica que integram a for\u00e7a-tarefa do MPF v\u00e3o pedir ao juiz federal Sergio Moro, da 13\u00aa Vara Criminal de Curitiba, que os executivos sejam processados por corrup\u00e7\u00e3o, forma\u00e7\u00e3o de cartel, organiza\u00e7\u00e3o criminosa, lavagem de dinheiro, evas\u00e3o de divisas, entre outros crimes.<\/p>\n<p>Fonte: Valor \/ Andr\u00e9 Guilherme Vieira e Let\u00edcia Casado | De Curitiba<\/p>\n","protected":false},"excerpt":{"rendered":"<p>A Pol\u00edcia Federal (PF) indiciou por corrup\u00e7\u00e3o 12 executivos das empreiteiras Mendes J\u00fanior, OAS, Galv\u00e3o Engenharia e Queiroz Galv\u00e3o, al\u00e9m do suposto operador do PMDB&#8230;<\/p>\n","protected":false},"author":1182,"featured_media":9394,"comment_status":"closed","ping_status":"closed","sticky":false,"template":"","format":"standard","meta":{"footnotes":""},"categories":[6],"tags":[],"class_list":["post-9530","post","type-post","status-publish","format-standard","has-post-thumbnail","hentry","category-noticias"],"_links":{"self":[{"href":"https:\/\/www.sincomam.org.br\/index.php\/wp-json\/wp\/v2\/posts\/9530","targetHints":{"allow":["GET"]}}],"collection":[{"href":"https:\/\/www.sincomam.org.br\/index.php\/wp-json\/wp\/v2\/posts"}],"about":[{"href":"https:\/\/www.sincomam.org.br\/index.php\/wp-json\/wp\/v2\/types\/post"}],"author":[{"embeddable":true,"href":"https:\/\/www.sincomam.org.br\/index.php\/wp-json\/wp\/v2\/users\/1182"}],"replies":[{"embeddable":true,"href":"https:\/\/www.sincomam.org.br\/index.php\/wp-json\/wp\/v2\/comments?post=9530"}],"version-history":[{"count":1,"href":"https:\/\/www.sincomam.org.br\/index.php\/wp-json\/wp\/v2\/posts\/9530\/revisions"}],"predecessor-version":[{"id":9531,"href":"https:\/\/www.sincomam.org.br\/index.php\/wp-json\/wp\/v2\/posts\/9530\/revisions\/9531"}],"wp:featuredmedia":[{"embeddable":true,"href":"https:\/\/www.sincomam.org.br\/index.php\/wp-json\/wp\/v2\/media\/9394"}],"wp:attachment":[{"href":"https:\/\/www.sincomam.org.br\/index.php\/wp-json\/wp\/v2\/media?parent=9530"}],"wp:term":[{"taxonomy":"category","embeddable":true,"href":"https:\/\/www.sincomam.org.br\/index.php\/wp-json\/wp\/v2\/categories?post=9530"},{"taxonomy":"post_tag","embeddable":true,"href":"https:\/\/www.sincomam.org.br\/index.php\/wp-json\/wp\/v2\/tags?post=9530"}],"curies":[{"name":"wp","href":"https:\/\/api.w.org\/{rel}","templated":true}]}}