{"id":9528,"date":"2014-12-10T09:23:33","date_gmt":"2014-12-10T11:23:33","guid":{"rendered":"http:\/\/www.sincomam.org.br\/?p=9528"},"modified":"2014-12-10T09:23:33","modified_gmt":"2014-12-10T11:23:33","slug":"maioria-dos-funcionarios-da-appa-adere-a-plano-de-demissao","status":"publish","type":"post","link":"https:\/\/www.sincomam.org.br\/index.php\/maioria-dos-funcionarios-da-appa-adere-a-plano-de-demissao\/","title":{"rendered":"Maioria dos funcion\u00e1rios da Appa adere a plano de demiss\u00e3o"},"content":{"rendered":"<p>A Administra\u00e7\u00e3o dos Portos de Paranagu\u00e1 e Antonina (Appa) informou, ontem, ter\u00e7a-feira (9), que 320 dos cerca de 600 funcion\u00e1rios efetivos aderiram ao Plano de Desligamento Incentivado (PDI) oferecido pela empresa. O plano come\u00e7a a ser implantado hoje (10), com o desligamento de 16 trabalhadores.<\/p>\n<p>Em nota, a Appa afirma que o PDI foi criado para adequar o quadro funcional \u00e0 nova realidade da organiza\u00e7\u00e3o, que em setembro, deixou de ser autarquia estadual para se tornar empresa p\u00fablica. A meta do plano \u00e9 regularizar a situa\u00e7\u00e3o dos funcion\u00e1rios, que eram todos celetistas, quando a Lei exige que sejam estatut\u00e1rios.<\/p>\n<p>O plano tamb\u00e9m evita que haja desvio de fun\u00e7\u00e3o, situa\u00e7\u00e3o que, segundo a empresa, foi criada ap\u00f3s mudan\u00e7as legais e gerou preju\u00edzo de R$ 1,3 bilh\u00e3o, por meio de 11 mil a\u00e7\u00f5es trabalhistas movidas contra a Appa ao longo de 20 anos.<\/p>\n<p>H\u00e1, ainda, necessidade de renovar o quadro funcional da empresa. O \u00faltimo concurso p\u00fablico de n\u00edvel superior realizado na Appa ocorreu em 1988.<\/p>\n<p>A empresa informa que os funcion\u00e1rios t\u00eam at\u00e9 dezembro para aderir ao PDI, que ser\u00e1 executado em at\u00e9 dois anos, com R$ 80 milh\u00f5es dispon\u00edveis para indeniza\u00e7\u00f5es.<\/p>\n<p>Caso optem por permanecer na Appa, os trabalhadores podem seguir onde est\u00e3o ou, se houver adequa\u00e7\u00e3o jur\u00eddica, migrar para o novo quadro funcional, que ainda ser\u00e1 criado. Novas contrata\u00e7\u00f5es ser\u00e3o feitas via concurso p\u00fablico, ap\u00f3s a elabora\u00e7\u00e3o de um plano de cargos e sal\u00e1rios.<\/p>\n<p>O quadro funcional atual ser\u00e1 extinto, com o fim de todas as fun\u00e7\u00f5es existentes. No novo quadro, continuar\u00e1 havendo cargos em comiss\u00e3o para dire\u00e7\u00e3o, chefia e assessoramento. Cargos t\u00e9cnicos, como engenheiros e advogados, n\u00e3o poder\u00e3o ser comissionados.<\/p>\n<p>Fonte: Gazeta do Povo (PR)<\/p>\n","protected":false},"excerpt":{"rendered":"<p>A Administra\u00e7\u00e3o dos Portos de Paranagu\u00e1 e Antonina (Appa) informou, ontem, ter\u00e7a-feira (9), que 320 dos cerca de 600 funcion\u00e1rios efetivos aderiram ao Plano de&#8230;<\/p>\n","protected":false},"author":1182,"featured_media":0,"comment_status":"closed","ping_status":"closed","sticky":false,"template":"","format":"standard","meta":{"footnotes":""},"categories":[6],"tags":[],"class_list":["post-9528","post","type-post","status-publish","format-standard","hentry","category-noticias"],"_links":{"self":[{"href":"https:\/\/www.sincomam.org.br\/index.php\/wp-json\/wp\/v2\/posts\/9528","targetHints":{"allow":["GET"]}}],"collection":[{"href":"https:\/\/www.sincomam.org.br\/index.php\/wp-json\/wp\/v2\/posts"}],"about":[{"href":"https:\/\/www.sincomam.org.br\/index.php\/wp-json\/wp\/v2\/types\/post"}],"author":[{"embeddable":true,"href":"https:\/\/www.sincomam.org.br\/index.php\/wp-json\/wp\/v2\/users\/1182"}],"replies":[{"embeddable":true,"href":"https:\/\/www.sincomam.org.br\/index.php\/wp-json\/wp\/v2\/comments?post=9528"}],"version-history":[{"count":1,"href":"https:\/\/www.sincomam.org.br\/index.php\/wp-json\/wp\/v2\/posts\/9528\/revisions"}],"predecessor-version":[{"id":9529,"href":"https:\/\/www.sincomam.org.br\/index.php\/wp-json\/wp\/v2\/posts\/9528\/revisions\/9529"}],"wp:attachment":[{"href":"https:\/\/www.sincomam.org.br\/index.php\/wp-json\/wp\/v2\/media?parent=9528"}],"wp:term":[{"taxonomy":"category","embeddable":true,"href":"https:\/\/www.sincomam.org.br\/index.php\/wp-json\/wp\/v2\/categories?post=9528"},{"taxonomy":"post_tag","embeddable":true,"href":"https:\/\/www.sincomam.org.br\/index.php\/wp-json\/wp\/v2\/tags?post=9528"}],"curies":[{"name":"wp","href":"https:\/\/api.w.org\/{rel}","templated":true}]}}