{"id":9511,"date":"2014-12-10T09:00:41","date_gmt":"2014-12-10T11:00:41","guid":{"rendered":"http:\/\/www.sincomam.org.br\/?p=9511"},"modified":"2014-12-10T09:03:09","modified_gmt":"2014-12-10T11:03:09","slug":"submarino-timbira-e-o-primeiro-a-atracar-na-nova-base-naval-em-itaguai","status":"publish","type":"post","link":"https:\/\/www.sincomam.org.br\/index.php\/submarino-timbira-e-o-primeiro-a-atracar-na-nova-base-naval-em-itaguai\/","title":{"rendered":"Submarino \u2018Timbira\u2019 \u00e9 o primeiro a atracar na nova Base Naval em Itagua\u00ed"},"content":{"rendered":"<p><strong><em>Objetivo foi verificar a adequabilidade da atraca\u00e7\u00e3o dos submarinos classe \u2018tupi\u2019 no cais da nova base<\/p>\n<p><\/em><\/strong>O Submarino Timbira tornou-se, em 25 de novembro de 2014, o primeiro submarino a atracar no cais do Estaleiro e da Base Naval (EBN) em Itagua\u00ed (RJ), local que abrigar\u00e1 a nova Base de Submarinos da Marinha do Brasil. <\/p>\n<p>A manobra foi acompanhada pelo Coordenador do Programa de Desenvolvimento de Submarinos (PROSUB), Almirante-de-Esquadra Gilberto Max Roff\u00e9 Hirschfeld, e pelo Gerente do Empreendimento Modular 18, Contra-Almirante Newton de Almeida Costa Neto. O objetivo da comiss\u00e3o foi verificar a adequabilidade da atraca\u00e7\u00e3o dos submarinos Classe \u201cTupi\u201d no cais da nova base naval.<\/p>\n<p>A comiss\u00e3o tamb\u00e9m serviu como preparativo para os eventos que anteceder\u00e3o a cerim\u00f4nia de inaugura\u00e7\u00e3o do pr\u00e9dio principal do Estaleiro de Constru\u00e7\u00e3o, no dia 12 de dezembro de 2014.<\/p>\n<p>Fruto de uma parceria firmada entre os governos da Fran\u00e7a e do Brasil, que culminou na cria\u00e7\u00e3o do PROSUB, o estaleiro e a nova base de submarinos est\u00e3o sendo edificados no munic\u00edpio de Itagua\u00ed. O complexo ocupar\u00e1 uma \u00e1rea de mais de 90 mil metros quadrados e deve estar pronto at\u00e9 o ano de 2015. No local, ser\u00e3o constru\u00eddos quatro novos submarinos convencionais e o primeiro submarino com propuls\u00e3o nuclear brasileiro, numa iniciativa que colocar\u00e1 o Brasil em destaque, como o primeiro pa\u00eds da Am\u00e9rica Latina a atingir tal avan\u00e7o tecnol\u00f3gico.<\/p>\n<p>Fonte \/ Foto: Marinha do Brasil<\/p>\n","protected":false},"excerpt":{"rendered":"<p>Objetivo foi verificar a adequabilidade da atraca\u00e7\u00e3o dos submarinos classe \u2018tupi\u2019 no cais da nova base O Submarino Timbira tornou-se, em 25 de novembro de&#8230;<\/p>\n","protected":false},"author":1182,"featured_media":9510,"comment_status":"closed","ping_status":"closed","sticky":false,"template":"","format":"standard","meta":{"footnotes":""},"categories":[6],"tags":[],"class_list":["post-9511","post","type-post","status-publish","format-standard","has-post-thumbnail","hentry","category-noticias"],"_links":{"self":[{"href":"https:\/\/www.sincomam.org.br\/index.php\/wp-json\/wp\/v2\/posts\/9511","targetHints":{"allow":["GET"]}}],"collection":[{"href":"https:\/\/www.sincomam.org.br\/index.php\/wp-json\/wp\/v2\/posts"}],"about":[{"href":"https:\/\/www.sincomam.org.br\/index.php\/wp-json\/wp\/v2\/types\/post"}],"author":[{"embeddable":true,"href":"https:\/\/www.sincomam.org.br\/index.php\/wp-json\/wp\/v2\/users\/1182"}],"replies":[{"embeddable":true,"href":"https:\/\/www.sincomam.org.br\/index.php\/wp-json\/wp\/v2\/comments?post=9511"}],"version-history":[{"count":2,"href":"https:\/\/www.sincomam.org.br\/index.php\/wp-json\/wp\/v2\/posts\/9511\/revisions"}],"predecessor-version":[{"id":9514,"href":"https:\/\/www.sincomam.org.br\/index.php\/wp-json\/wp\/v2\/posts\/9511\/revisions\/9514"}],"wp:featuredmedia":[{"embeddable":true,"href":"https:\/\/www.sincomam.org.br\/index.php\/wp-json\/wp\/v2\/media\/9510"}],"wp:attachment":[{"href":"https:\/\/www.sincomam.org.br\/index.php\/wp-json\/wp\/v2\/media?parent=9511"}],"wp:term":[{"taxonomy":"category","embeddable":true,"href":"https:\/\/www.sincomam.org.br\/index.php\/wp-json\/wp\/v2\/categories?post=9511"},{"taxonomy":"post_tag","embeddable":true,"href":"https:\/\/www.sincomam.org.br\/index.php\/wp-json\/wp\/v2\/tags?post=9511"}],"curies":[{"name":"wp","href":"https:\/\/api.w.org\/{rel}","templated":true}]}}