{"id":9506,"date":"2014-12-09T09:51:18","date_gmt":"2014-12-09T11:51:18","guid":{"rendered":"http:\/\/www.sincomam.org.br\/?p=9506"},"modified":"2014-12-09T09:51:18","modified_gmt":"2014-12-09T11:51:18","slug":"dilma-veta-projeto-que-reduz-contribuicao-ao-inss-de-empregador-e-domesticas","status":"publish","type":"post","link":"https:\/\/www.sincomam.org.br\/index.php\/dilma-veta-projeto-que-reduz-contribuicao-ao-inss-de-empregador-e-domesticas\/","title":{"rendered":"Dilma veta projeto que reduz contribui\u00e7\u00e3o ao INSS de empregador e dom\u00e9sticas"},"content":{"rendered":"<p><strong><em>Contra a proposta, presidente alegou &#8220;contrariedade ao interesse p\u00fablico&#8221; e &#8220;impacto negativo&#8221;<\/p>\n<p><\/em><\/strong>A presidente Dilma Rousseff vetou, integralmente, o Projeto de Lei 7.082\/2010, que reduz a contribui\u00e7\u00e3o social do empregador e do empregado dom\u00e9stico ao INSS (Instituto Nacional do Seguro Social). Para rejeitar a proposta, Dilma alegou &#8220;contrariedade ao interesse p\u00fablico&#8221; e &#8220;impacto negativo&#8221; nas contas do governo em cerca de R$ 600 milh\u00f5es por ano, &#8220;n\u00e3o condizente com o momento econ\u00f4mico atual&#8221;.<strong><em><br \/><\/em><\/strong><\/p>\n<p>A proposta, aprovada pelo Congresso na primeira quinzena de novembro, criaria uma al\u00edquota \u00fanica de 6% sobre o sal\u00e1rio para a contribui\u00e7\u00e3o social recolhida por empregador e pelo trabalhador. A legisla\u00e7\u00e3o atual prev\u00ea al\u00edquotas que variam entre 8%, 9% e 11% de recolhimento pelo funcion\u00e1rio dom\u00e9stico. J\u00e1 a contribui\u00e7\u00e3o devida pelo patr\u00e3o \u00e9 de 12% do sal\u00e1rio do empregado.<\/p>\n<p>Na justificativa do veto, Dilma destaca que o projeto \u00e9 anterior \u00e0 Emenda das Dom\u00e9sticas. &#8220;O Projeto de Lei foi proposto anteriormente \u00e0 promulga\u00e7\u00e3o da Emenda Constitucional n\u00ba 72, de 2 de abril de 2013, cuja regulamenta\u00e7\u00e3o legal, de forma integral e mais adequada, encontra-se em tramita\u00e7\u00e3o no Congresso Nacional&#8221;, cita na mensagem com a raz\u00e3o do veto, publicada no DOU (Di\u00e1rio Oficial da Uni\u00e3o).<\/p>\n<p>Fonte: R7<\/p>\n<p><strong><em><\/em><\/strong><\/p>\n","protected":false},"excerpt":{"rendered":"<p>Contra a proposta, presidente alegou &#8220;contrariedade ao interesse p\u00fablico&#8221; e &#8220;impacto negativo&#8221; A presidente Dilma Rousseff vetou, integralmente, o Projeto de Lei 7.082\/2010, que reduz&#8230;<\/p>\n","protected":false},"author":1182,"featured_media":5747,"comment_status":"closed","ping_status":"closed","sticky":false,"template":"","format":"standard","meta":{"footnotes":""},"categories":[6],"tags":[],"class_list":["post-9506","post","type-post","status-publish","format-standard","has-post-thumbnail","hentry","category-noticias"],"_links":{"self":[{"href":"https:\/\/www.sincomam.org.br\/index.php\/wp-json\/wp\/v2\/posts\/9506","targetHints":{"allow":["GET"]}}],"collection":[{"href":"https:\/\/www.sincomam.org.br\/index.php\/wp-json\/wp\/v2\/posts"}],"about":[{"href":"https:\/\/www.sincomam.org.br\/index.php\/wp-json\/wp\/v2\/types\/post"}],"author":[{"embeddable":true,"href":"https:\/\/www.sincomam.org.br\/index.php\/wp-json\/wp\/v2\/users\/1182"}],"replies":[{"embeddable":true,"href":"https:\/\/www.sincomam.org.br\/index.php\/wp-json\/wp\/v2\/comments?post=9506"}],"version-history":[{"count":1,"href":"https:\/\/www.sincomam.org.br\/index.php\/wp-json\/wp\/v2\/posts\/9506\/revisions"}],"predecessor-version":[{"id":9507,"href":"https:\/\/www.sincomam.org.br\/index.php\/wp-json\/wp\/v2\/posts\/9506\/revisions\/9507"}],"wp:featuredmedia":[{"embeddable":true,"href":"https:\/\/www.sincomam.org.br\/index.php\/wp-json\/wp\/v2\/media\/5747"}],"wp:attachment":[{"href":"https:\/\/www.sincomam.org.br\/index.php\/wp-json\/wp\/v2\/media?parent=9506"}],"wp:term":[{"taxonomy":"category","embeddable":true,"href":"https:\/\/www.sincomam.org.br\/index.php\/wp-json\/wp\/v2\/categories?post=9506"},{"taxonomy":"post_tag","embeddable":true,"href":"https:\/\/www.sincomam.org.br\/index.php\/wp-json\/wp\/v2\/tags?post=9506"}],"curies":[{"name":"wp","href":"https:\/\/api.w.org\/{rel}","templated":true}]}}