{"id":9478,"date":"2014-12-08T08:38:56","date_gmt":"2014-12-08T10:38:56","guid":{"rendered":"http:\/\/www.sincomam.org.br\/?p=9478"},"modified":"2014-12-05T20:18:05","modified_gmt":"2014-12-05T22:18:05","slug":"hamburg-sud-e-da-alianca-elegem-novo-diretor-executivo","status":"publish","type":"post","link":"https:\/\/www.sincomam.org.br\/index.php\/hamburg-sud-e-da-alianca-elegem-novo-diretor-executivo\/","title":{"rendered":"Hamburg S\u00fcd e da Alian\u00e7a elegem novo diretor-executivo"},"content":{"rendered":"<p><strong><em>Com 30 anos de experi\u00eancia em log\u00edstica e \u00eanfase no setor mar\u00edtimo, Jos\u00e9 Roberto Salgado assume o cargo<\/em><\/strong><\/p>\n<p>A Hamburg S\u00fcd e a Alian\u00e7a Navega\u00e7\u00e3o e Log\u00edstica contam com um novo diretor-executivo. Com 30 anos de experi\u00eancia em log\u00edstica e \u00eanfase no setor mar\u00edtimo, sendo 26 deles no Grupo Hamburg S\u00fcd, Jos\u00e9 Roberto Salgado assume o cargo, onde ser\u00e1 respons\u00e1vel pelas \u00e1reas de opera\u00e7\u00f5es mar\u00edtimas, log\u00edstica e transporte intermodal.<\/p>\n<p>Com forma\u00e7\u00e3o em Engenharia Naval pela Escola Polit\u00e9cnica da USP e MBA em Marketing pela Columbia University de Nova Iorque, o executivo ingressou na Hamburg S\u00fcd iniciando nas fun\u00e7\u00f5es de gerente de opera\u00e7\u00f5es mar\u00edtimas. Em 1988, em busca de novos desafios profissionais, deixou a empresa para assumir o cargo de gerente de log\u00edstica da CMB (Cia Mar\u00edtima Belga).<\/p>\n<p>No ano de 1992, retornou \u00e0 companhia, desta vez em New Jersey (EUA), onde ocupou os cargos de gerente de opera\u00e7\u00f5es e gerente geral pela Alian\u00e7a. De 2002 a 2010, volta ao Brasil para assumir a diretoria de produtos \u2013 \u201cProduct Management\u201d. Ap\u00f3s esse per\u00edodo, foi convidado a trabalhar na matriz, em Hamburgo, na Alemanha, ainda na \u00e1rea de produtos, mas agora respondendo pela otimiza\u00e7\u00e3o de todas as rotas de servi\u00e7os mundiais oferecidos pelo Grupo. H\u00e1 dois anos, regressou ao Brasil para assumir a ger\u00eancia geral de opera\u00e7\u00f5es mar\u00edtimas, log\u00edstica e intermodal.<\/p>\n<p>Fonte: Guia Mar\u00edtimo<\/p>\n","protected":false},"excerpt":{"rendered":"<p>Com 30 anos de experi\u00eancia em log\u00edstica e \u00eanfase no setor mar\u00edtimo, Jos\u00e9 Roberto Salgado assume o cargo A Hamburg S\u00fcd e a Alian\u00e7a Navega\u00e7\u00e3o&#8230;<\/p>\n","protected":false},"author":1182,"featured_media":3856,"comment_status":"closed","ping_status":"closed","sticky":false,"template":"","format":"standard","meta":{"footnotes":""},"categories":[6],"tags":[],"class_list":["post-9478","post","type-post","status-publish","format-standard","has-post-thumbnail","hentry","category-noticias"],"_links":{"self":[{"href":"https:\/\/www.sincomam.org.br\/index.php\/wp-json\/wp\/v2\/posts\/9478","targetHints":{"allow":["GET"]}}],"collection":[{"href":"https:\/\/www.sincomam.org.br\/index.php\/wp-json\/wp\/v2\/posts"}],"about":[{"href":"https:\/\/www.sincomam.org.br\/index.php\/wp-json\/wp\/v2\/types\/post"}],"author":[{"embeddable":true,"href":"https:\/\/www.sincomam.org.br\/index.php\/wp-json\/wp\/v2\/users\/1182"}],"replies":[{"embeddable":true,"href":"https:\/\/www.sincomam.org.br\/index.php\/wp-json\/wp\/v2\/comments?post=9478"}],"version-history":[{"count":1,"href":"https:\/\/www.sincomam.org.br\/index.php\/wp-json\/wp\/v2\/posts\/9478\/revisions"}],"predecessor-version":[{"id":9479,"href":"https:\/\/www.sincomam.org.br\/index.php\/wp-json\/wp\/v2\/posts\/9478\/revisions\/9479"}],"wp:featuredmedia":[{"embeddable":true,"href":"https:\/\/www.sincomam.org.br\/index.php\/wp-json\/wp\/v2\/media\/3856"}],"wp:attachment":[{"href":"https:\/\/www.sincomam.org.br\/index.php\/wp-json\/wp\/v2\/media?parent=9478"}],"wp:term":[{"taxonomy":"category","embeddable":true,"href":"https:\/\/www.sincomam.org.br\/index.php\/wp-json\/wp\/v2\/categories?post=9478"},{"taxonomy":"post_tag","embeddable":true,"href":"https:\/\/www.sincomam.org.br\/index.php\/wp-json\/wp\/v2\/tags?post=9478"}],"curies":[{"name":"wp","href":"https:\/\/api.w.org\/{rel}","templated":true}]}}