{"id":9474,"date":"2014-12-08T08:23:46","date_gmt":"2014-12-08T10:23:46","guid":{"rendered":"http:\/\/www.sincomam.org.br\/?p=9474"},"modified":"2014-12-05T19:48:11","modified_gmt":"2014-12-05T21:48:11","slug":"primeiro-caso-de-febre-do-nilo-no-brasil-deve-ser-confirmado-nesta-segunda-feira","status":"publish","type":"post","link":"https:\/\/www.sincomam.org.br\/index.php\/primeiro-caso-de-febre-do-nilo-no-brasil-deve-ser-confirmado-nesta-segunda-feira\/","title":{"rendered":"Primeiro caso de febre do Nilo no Brasil deve ser confirmado nesta segunda-feira"},"content":{"rendered":"<p><em><strong>Doen\u00e7a \u00e9 transmitida atrav\u00e9s de mosquito infectado por um\u00a0p\u00e1ssaro silvestre vindo de regi\u00f5es end\u00eamicas da \u00c1frica ou \u00c1sia Ocidental<\/strong><\/em><\/p>\n<p>O Minist\u00e9rio da Sa\u00fade e a Vigil\u00e2ncia Epidemiol\u00f3gica do Piau\u00ed est\u00e3o concluindo a investiga\u00e7\u00e3o do que pode ser o primeiro caso de febre do Nilo no Brasil. Exames iniciais, feitos em outubro, indicaram que um agricultor de 52 anos, do munic\u00edpio de Aroeiras do Itaim, no Piau\u00ed, tem o v\u00edrus, e os \u00f3rg\u00e3os de Sa\u00fade est\u00e3o recolhendo material de animais, na regi\u00e3o, para avaliar a situa\u00e7\u00e3o.<\/p>\n<p>De acordo com o neurologista Marcelo Adriano Vieira, do Instituto de Doen\u00e7as Tropicais Natan Portela, de Teresina, o caso ainda \u00e9 considerado prov\u00e1vel, pois protocolos internacionais indicam que devem ser feitos dois exames. Por isso, aguardam o resultado do segundo exame, feito pelo Instituto Evandro Chagas, no Par\u00e1, que ser\u00e1 divulgado nesta segunda-feira (8), pelo Minist\u00e9rio da Sa\u00fade.<\/p>\n<p>Segundo Vieira, provavelmente um mosquito foi infectado ao picar algum p\u00e1ssaro silvestre vindo de regi\u00f5es end\u00eamicas da \u00c1frica ou \u00c1sia Ocidental. As aves migrat\u00f3rias, que de tempos em tempos, trocam o frio do Hemisf\u00e9rio Norte pelo calor do Hemisf\u00e9rio Sul, s\u00e3o o principal reservat\u00f3rio do v\u00edrus identificado em Uganda, em 1937, que causa febre, dor de cabe\u00e7a e, eventualmente, at\u00e9 problemas neurol\u00f3gicos.<\/p>\n<p>Vieira explica que s\u00f3 as aves transmitem a doen\u00e7a para o mosquito, e este retransmite para pessoas, animais e outras aves. \u201cSe o mosquito picar outras aves, o ciclo se perpetua; se picar uma pessoa ou um equino, por exemplo, a doen\u00e7a para ali, porque s\u00e3o hospedeiros definitivos\u201d, disse ele, lembrando que o v\u00edrus j\u00e1 foi identificado em dois frangos.<\/p>\n<p>De acordo com o neurologista, em 75% dos casos de contamina\u00e7\u00e3o humana pelo v\u00edrus da febre do Nilo, o organismo o elimina e a pessoa n\u00e3o sente nenhum sintoma. Em 24% dos casos, os sintomas s\u00e3o semelhantes aos da dengue (febre, dor de cabe\u00e7a e no corpo). S\u00f3 em 1% dos casos h\u00e1 comprometimento neurol\u00f3gico, com perda de movimentos, mas esse sintoma pode ser revertido.<\/p>\n<p>Em agosto, o agricultor piauiense sentiu dorm\u00eancia, dor de cabe\u00e7a, n\u00e1useas e, em seguida, teve a sensa\u00e7\u00e3o de perda de for\u00e7as, at\u00e9 culminar com a paralisa\u00e7\u00e3o de todos os movimentos do corpo &#8211; s\u00f3 mexia a cabe\u00e7a. Ele j\u00e1 recuperou o movimento dos bra\u00e7os e das pernas, mas ainda n\u00e3o tem for\u00e7as para ficar em p\u00e9. Segundo Vieira, o paciente j\u00e1 est\u00e1 em casa e tem chances de voltar a andar.<\/p>\n<p>Fonte: Ag\u00eancia Brasil \/ Aline Leal<\/p>\n","protected":false},"excerpt":{"rendered":"<p>Doen\u00e7a \u00e9 transmitida atrav\u00e9s de mosquito infectado por um\u00a0p\u00e1ssaro silvestre vindo de regi\u00f5es end\u00eamicas da \u00c1frica ou \u00c1sia Ocidental O Minist\u00e9rio da Sa\u00fade e a&#8230;<\/p>\n","protected":false},"author":1182,"featured_media":9475,"comment_status":"closed","ping_status":"closed","sticky":false,"template":"","format":"standard","meta":{"footnotes":""},"categories":[6],"tags":[],"class_list":["post-9474","post","type-post","status-publish","format-standard","has-post-thumbnail","hentry","category-noticias"],"_links":{"self":[{"href":"https:\/\/www.sincomam.org.br\/index.php\/wp-json\/wp\/v2\/posts\/9474","targetHints":{"allow":["GET"]}}],"collection":[{"href":"https:\/\/www.sincomam.org.br\/index.php\/wp-json\/wp\/v2\/posts"}],"about":[{"href":"https:\/\/www.sincomam.org.br\/index.php\/wp-json\/wp\/v2\/types\/post"}],"author":[{"embeddable":true,"href":"https:\/\/www.sincomam.org.br\/index.php\/wp-json\/wp\/v2\/users\/1182"}],"replies":[{"embeddable":true,"href":"https:\/\/www.sincomam.org.br\/index.php\/wp-json\/wp\/v2\/comments?post=9474"}],"version-history":[{"count":1,"href":"https:\/\/www.sincomam.org.br\/index.php\/wp-json\/wp\/v2\/posts\/9474\/revisions"}],"predecessor-version":[{"id":9476,"href":"https:\/\/www.sincomam.org.br\/index.php\/wp-json\/wp\/v2\/posts\/9474\/revisions\/9476"}],"wp:featuredmedia":[{"embeddable":true,"href":"https:\/\/www.sincomam.org.br\/index.php\/wp-json\/wp\/v2\/media\/9475"}],"wp:attachment":[{"href":"https:\/\/www.sincomam.org.br\/index.php\/wp-json\/wp\/v2\/media?parent=9474"}],"wp:term":[{"taxonomy":"category","embeddable":true,"href":"https:\/\/www.sincomam.org.br\/index.php\/wp-json\/wp\/v2\/categories?post=9474"},{"taxonomy":"post_tag","embeddable":true,"href":"https:\/\/www.sincomam.org.br\/index.php\/wp-json\/wp\/v2\/tags?post=9474"}],"curies":[{"name":"wp","href":"https:\/\/api.w.org\/{rel}","templated":true}]}}