{"id":9466,"date":"2014-12-08T08:09:32","date_gmt":"2014-12-08T10:09:32","guid":{"rendered":"http:\/\/www.sincomam.org.br\/?p=9466"},"modified":"2014-12-05T19:02:40","modified_gmt":"2014-12-05T21:02:40","slug":"proposta-da-antaq-podem-prejudicar-producao-de-petroleo-no-pais","status":"publish","type":"post","link":"https:\/\/www.sincomam.org.br\/index.php\/proposta-da-antaq-podem-prejudicar-producao-de-petroleo-no-pais\/","title":{"rendered":"Proposta da Antaq podem prejudicar produ\u00e7\u00e3o de petr\u00f3leo no Pa\u00eds"},"content":{"rendered":"<p>Petroleiras instaladas no Brasil e, principalmente, a Petrobras poder\u00e3o ter a produ\u00e7\u00e3o de petr\u00f3leo e g\u00e1s natural estagnada, dependendo do resultado de audi\u00eancia p\u00fablica em andamento na Ag\u00eancia Nacional de Transportes Aquavi\u00e1rios (Antaq). A ag\u00eancia reguladora quer exigir que, para cada navio de apoio a plataformas afretado no exterior as petroleiras tenham outro pr\u00f3prio. A inten\u00e7\u00e3o \u00e9 estimular a ind\u00fastria naval brasileira e desestimular o afretamento no mercado internacional.<\/p>\n<p>A Petrobras possui atualmente duas embarca\u00e7\u00f5es do tipo e afreta quase 300. Outras petroleiras de grande porte instaladas no Pa\u00eds, como Shell e Total, alugam a totalidade das embarca\u00e7\u00f5es que precisam. Se a proposta da Antaq passar, essas empresas n\u00e3o poder\u00e3o mais afretar para produzir petr\u00f3leo e g\u00e1s e tamb\u00e9m n\u00e3o poder\u00e3o constru\u00ed-las a tempo de dar prosseguimento aos projetos dentro do cronograma previsto.<\/p>\n<p>O tema tem gerado pol\u00eamica nas audi\u00eancias p\u00fablicas da Antaq e j\u00e1 foi levado at\u00e9 mesmo ao Planalto por presidentes de petroleiras. Nos bastidores, no entanto, os executivos dizem n\u00e3o acreditar que a proposta v\u00e1 adiante, porque afetaria, sobretudo, a Petrobras, respons\u00e1vel por mais de 90% da produ\u00e7\u00e3o nacional. Uma fonte diz que a ag\u00eancia est\u00e1 flex\u00edvel para, se a medida se mostrar invi\u00e1vel, derrub\u00e1-la. O tema est\u00e1 em plena discuss\u00e3o.<\/p>\n<p>H\u00e1, atualmente, 61 navios de apoio mar\u00edtimo em constru\u00e7\u00e3o em estaleiros nacionais. Outros 26 j\u00e1 foram constru\u00eddos internamente e est\u00e3o em opera\u00e7\u00e3o, segundo o Sindicato Nacional da Ind\u00fastria da Constru\u00e7\u00e3o e Repara\u00e7\u00e3o Naval e Offshore (Sinaval). Esses n\u00fameros, no entanto, s\u00e3o muito inferiores \u00e0 demanda. A frota brasileira atual \u00e9 de 450 navios, dos quais 239 s\u00e3o de bandeira internacional e, por causa do pr\u00e9-sal, a expectativa \u00e9 que cres\u00e7a, pelo menos, em mais de 50% at\u00e9 2020, alcan\u00e7ando a marca de 686 embarca\u00e7\u00f5es. Desse total, 300 devem ser de bandeira brasileira e outros 386, estrangeira.<\/p>\n<p>A mudan\u00e7a proposta pela Antaq faz parte de uma regulamenta\u00e7\u00e3o maior que tenta disciplinar o setor de navega\u00e7\u00e3o interna. O principal foco s\u00e3o as empresas intermedi\u00e1rias de afretamento, que t\u00eam como objetivo de trabalho identificar oportunidades no Brasil para trazer embarca\u00e7\u00f5es do exterior, sob o argumento de que h\u00e1 urg\u00eancia no neg\u00f3cio.<\/p>\n<p>O especialista Godofredo Mendes Vianna, s\u00f3cio do Kincaid &#8211; Mendes Vianna Advogados, ressalta a necessidade de ampliar o controle na navega\u00e7\u00e3o de cabotagem, entre portos, mas diz tamb\u00e9m que para o segmento de petr\u00f3leo e g\u00e1s, especificamente, a resolu\u00e7\u00e3o poder\u00e1 ter consequ\u00eancias prejudiciais \u00e0 economia.<\/p>\n<p>&#8220;A medida pode afetar o ritmo do pr\u00e9-sal. O que \u00e9 preciso fazer \u00e9 ter mais rigor na outorga de Empresas Brasileiras de Navega\u00e7\u00e3o (EBN)&#8221;, diz Vianna. Isso porque as EBNs s\u00e3o as \u00fanicas autorizadas a afretar embarca\u00e7\u00f5es e algumas delas atuam unicamente como intermedi\u00e1rias no setor naval, por isso s\u00e3o foco da Antaq. &#8220;A proposta da ag\u00eancia \u00e9 uma mudan\u00e7a muito forte no marco regulat\u00f3rio, que cria instabilidade no setor&#8221;, complementa o especialista.<\/p>\n<p>Procurada, a Petrobras, empresa mais afetada no setor petr\u00f3leo pela regulamenta\u00e7\u00e3o, informou apenas que tem participado das audi\u00eancias e que espera &#8220;que as discuss\u00f5es terminem em bom termo para todos os envolvidos&#8221;.<\/p>\n<p>Fonte: Folha de Pernambuco (PE)\/Estad\u00e3o Conte\u00fado<\/p>\n","protected":false},"excerpt":{"rendered":"<p>Petroleiras instaladas no Brasil e, principalmente, a Petrobras poder\u00e3o ter a produ\u00e7\u00e3o de petr\u00f3leo e g\u00e1s natural estagnada, dependendo do resultado de audi\u00eancia p\u00fablica em&#8230;<\/p>\n","protected":false},"author":1182,"featured_media":0,"comment_status":"closed","ping_status":"closed","sticky":false,"template":"","format":"standard","meta":{"footnotes":""},"categories":[6],"tags":[],"class_list":["post-9466","post","type-post","status-publish","format-standard","hentry","category-noticias"],"_links":{"self":[{"href":"https:\/\/www.sincomam.org.br\/index.php\/wp-json\/wp\/v2\/posts\/9466","targetHints":{"allow":["GET"]}}],"collection":[{"href":"https:\/\/www.sincomam.org.br\/index.php\/wp-json\/wp\/v2\/posts"}],"about":[{"href":"https:\/\/www.sincomam.org.br\/index.php\/wp-json\/wp\/v2\/types\/post"}],"author":[{"embeddable":true,"href":"https:\/\/www.sincomam.org.br\/index.php\/wp-json\/wp\/v2\/users\/1182"}],"replies":[{"embeddable":true,"href":"https:\/\/www.sincomam.org.br\/index.php\/wp-json\/wp\/v2\/comments?post=9466"}],"version-history":[{"count":1,"href":"https:\/\/www.sincomam.org.br\/index.php\/wp-json\/wp\/v2\/posts\/9466\/revisions"}],"predecessor-version":[{"id":9467,"href":"https:\/\/www.sincomam.org.br\/index.php\/wp-json\/wp\/v2\/posts\/9466\/revisions\/9467"}],"wp:attachment":[{"href":"https:\/\/www.sincomam.org.br\/index.php\/wp-json\/wp\/v2\/media?parent=9466"}],"wp:term":[{"taxonomy":"category","embeddable":true,"href":"https:\/\/www.sincomam.org.br\/index.php\/wp-json\/wp\/v2\/categories?post=9466"},{"taxonomy":"post_tag","embeddable":true,"href":"https:\/\/www.sincomam.org.br\/index.php\/wp-json\/wp\/v2\/tags?post=9466"}],"curies":[{"name":"wp","href":"https:\/\/api.w.org\/{rel}","templated":true}]}}