{"id":9453,"date":"2014-12-05T09:29:05","date_gmt":"2014-12-05T11:29:05","guid":{"rendered":"http:\/\/www.sincomam.org.br\/?p=9453"},"modified":"2014-12-05T09:29:05","modified_gmt":"2014-12-05T11:29:05","slug":"capitania-dos-portos-vai-iniciar-buscas-por-barco-desaparecido","status":"publish","type":"post","link":"https:\/\/www.sincomam.org.br\/index.php\/capitania-dos-portos-vai-iniciar-buscas-por-barco-desaparecido\/","title":{"rendered":"Capitania dos Portos vai iniciar buscas por barco desaparecido"},"content":{"rendered":"<p><strong><em>Pescadores deveriam voltar nesta quinta-feira. Barco foi visto quebrado no \u00faltimo domingo<\/p>\n<p><\/em><\/strong>A Capitania dos Portos de Sergipe vai iniciar nesta sexta-feira (5) as buscas por um barco com cinco pescadores do munic\u00edpio de Pirambu, que estariam desaparecidos.<strong><em><br \/><\/em><\/strong><\/p>\n<p>Eles sa\u00edram para pescar h\u00e1 oito dias e deveriam voltar nesta quinta-feira, mas n\u00e3o apareceram.<\/p>\n<p>Segundo informa\u00e7\u00f5es da fam\u00edlia, o barco foi visto quebrado no \u00faltimo domingo por outros pescadores que avisaram ao propriet\u00e1rio do barco, que foi at\u00e9 o local indicado, mas n\u00e3o encontrou mais a embarca\u00e7\u00e3o e resolveu acionar a Capitania dos Portos.<\/p>\n<p>Fonte: G1 SE<\/p>\n<p><strong><em><\/em><\/strong><\/p>\n","protected":false},"excerpt":{"rendered":"<p>Pescadores deveriam voltar nesta quinta-feira. Barco foi visto quebrado no \u00faltimo domingo A Capitania dos Portos de Sergipe vai iniciar nesta sexta-feira (5) as buscas&#8230;<\/p>\n","protected":false},"author":1182,"featured_media":0,"comment_status":"closed","ping_status":"closed","sticky":false,"template":"","format":"standard","meta":{"footnotes":""},"categories":[6],"tags":[],"class_list":["post-9453","post","type-post","status-publish","format-standard","hentry","category-noticias"],"_links":{"self":[{"href":"https:\/\/www.sincomam.org.br\/index.php\/wp-json\/wp\/v2\/posts\/9453","targetHints":{"allow":["GET"]}}],"collection":[{"href":"https:\/\/www.sincomam.org.br\/index.php\/wp-json\/wp\/v2\/posts"}],"about":[{"href":"https:\/\/www.sincomam.org.br\/index.php\/wp-json\/wp\/v2\/types\/post"}],"author":[{"embeddable":true,"href":"https:\/\/www.sincomam.org.br\/index.php\/wp-json\/wp\/v2\/users\/1182"}],"replies":[{"embeddable":true,"href":"https:\/\/www.sincomam.org.br\/index.php\/wp-json\/wp\/v2\/comments?post=9453"}],"version-history":[{"count":1,"href":"https:\/\/www.sincomam.org.br\/index.php\/wp-json\/wp\/v2\/posts\/9453\/revisions"}],"predecessor-version":[{"id":9454,"href":"https:\/\/www.sincomam.org.br\/index.php\/wp-json\/wp\/v2\/posts\/9453\/revisions\/9454"}],"wp:attachment":[{"href":"https:\/\/www.sincomam.org.br\/index.php\/wp-json\/wp\/v2\/media?parent=9453"}],"wp:term":[{"taxonomy":"category","embeddable":true,"href":"https:\/\/www.sincomam.org.br\/index.php\/wp-json\/wp\/v2\/categories?post=9453"},{"taxonomy":"post_tag","embeddable":true,"href":"https:\/\/www.sincomam.org.br\/index.php\/wp-json\/wp\/v2\/tags?post=9453"}],"curies":[{"name":"wp","href":"https:\/\/api.w.org\/{rel}","templated":true}]}}