{"id":9417,"date":"2014-12-04T08:44:03","date_gmt":"2014-12-04T10:44:03","guid":{"rendered":"http:\/\/www.sincomam.org.br\/?p=9417"},"modified":"2014-12-04T08:44:03","modified_gmt":"2014-12-04T10:44:03","slug":"presidente-da-transpetro-sergio-machado-tenta-prorrogar-licenca","status":"publish","type":"post","link":"https:\/\/www.sincomam.org.br\/index.php\/presidente-da-transpetro-sergio-machado-tenta-prorrogar-licenca\/","title":{"rendered":"Presidente da Transpetro, S\u00e9rgio Machado, tenta prorrogar licen\u00e7a"},"content":{"rendered":"<p>S\u00e9rgio Machado, presidente licenciado da subsidi\u00e1ria de transporte da Petrobras, Transpetro, tem at\u00e9 amanh\u00e3 para reverter a decis\u00e3o do Planalto de substitu\u00ed-lo no cargo. Segundo fontes, Machado, citado na Opera\u00e7\u00e3o Lava Jato da Pol\u00edcia Federal por suposto envolvimento em esquema de corrup\u00e7\u00e3o, est\u00e1 recorrendo a padrinhos pol\u00edticos para tentar conseguir uma prorroga\u00e7\u00e3o da licen\u00e7a de 30 dias. Assim espera ganhar tempo para se desvincular das den\u00fancias de irregularidades na estatal.<\/p>\n<p>Nos bastidores, o coment\u00e1rio \u00e9 que j\u00e1 circulam nomes para a vaga. Entre eles estariam o de Marcelino Guedes, ex-presidente da Refinaria Abreu e Lima, cujos gastos de constru\u00e7\u00e3o s\u00e3o alvo de investiga\u00e7\u00e3o da PF; e Marcelo Ren\u00f3, ex-diretor da Transpetro. Oficialmente, Machado, por meio de sua assessoria de imprensa, diz que tomar\u00e1 a decis\u00e3o de retornar ou n\u00e3o \u00e0 Transpetro nessa quinta-feira e que a decis\u00e3o ainda n\u00e3o estaria tomada. O jornal O Estado de S. Paulo adiantou no \u00faltimo domingo que o Planalto j\u00e1 bateu o martelo pela demiss\u00e3o de Machado, cujo cargo deve continuar sendo indicado pelo presidente do Senado, Renan Calheiros (PMDB-AL).<\/p>\n<p>O presidente da Transpetro entrou de licen\u00e7a por 30 dias depois que auditoria PricewaterhouseCoopers (PwC) se negou a validar o resultado da Petrobras relativo ao terceiro trimestre. Entre outros pontos, a auditora demonstrou ao conselho de administra\u00e7\u00e3o da petroleira constrangimento em referendar um balan\u00e7o financeiro de uma empresa que tem entre os seus quadros principais uma pessoa denunciada por corrup\u00e7\u00e3o.<\/p>\n<p>Machado foi apontado pelo ex-diretor da estatal e delator na Opera\u00e7\u00e3o Lava Jato da Pol\u00edcia Federal, Paulo Roberto Costa, como integrante de um esquema de corrup\u00e7\u00e3o na companhia. Costa disse ter recebido das m\u00e3os de Machado R$ 500 mil como pagamento de propina por favorecimento de uma fornecedora em licita\u00e7\u00e3o.<\/p>\n<p>Enquanto n\u00e3o termina a licen\u00e7a do ex-senador, a Transpetro est\u00e1 sendo comandada pelo diretor Cl\u00e1udio Ribeiro Teixeira Campos, funcion\u00e1rio de carreira da Petrobras.<\/p>\n<p>Os dois nomes avaliados para substituir Machado j\u00e1 foram diretores da Transpetro.<\/p>\n<p>Marcelino Guedes entrou na Petrobras em 1987. Na subsidi\u00e1ria de log\u00edstica da estatal foi gerente geral de Novos Neg\u00f3cios e Parcerias e diretor de Terminais e Oleodutos. Esteve \u00e0 frente da Refinaria Abreu e Lima desde agosto de 2008, quando Costa n\u00e3o comandava mais as obras, alvo de investiga\u00e7\u00e3o por den\u00fancia de superfaturamento. Guedes deixou o cargo quando a refinaria foi incorporada pela controladora Petrobras e deixou de ter presidente, em dezembro do ano passado. Desde ent\u00e3o, a refinaria vem sendo comandada pelo gerente-geral Valdison Moreira. J\u00e1 Marcelo Ren\u00f3, tamb\u00e9m cotado para a vaga, esteve na diretoria de G\u00e1s da Transpetro at\u00e9 dezembro de 2013, quando, por determina\u00e7\u00e3o de S\u00e9rgio Machado, foi substitu\u00eddo por Campos, atual presidente interino da empresa.<\/p>\n<p>Fonte: A Cidade \/ Estad\u00e3o Conte\u00fado \/ Fernanda Nunes e M\u00f4nica Ciarelli<\/p>\n","protected":false},"excerpt":{"rendered":"<p>S\u00e9rgio Machado, presidente licenciado da subsidi\u00e1ria de transporte da Petrobras, Transpetro, tem at\u00e9 amanh\u00e3 para reverter a decis\u00e3o do Planalto de substitu\u00ed-lo no cargo. Segundo&#8230;<\/p>\n","protected":false},"author":1182,"featured_media":8459,"comment_status":"closed","ping_status":"closed","sticky":false,"template":"","format":"standard","meta":{"footnotes":""},"categories":[6],"tags":[],"class_list":["post-9417","post","type-post","status-publish","format-standard","has-post-thumbnail","hentry","category-noticias"],"_links":{"self":[{"href":"https:\/\/www.sincomam.org.br\/index.php\/wp-json\/wp\/v2\/posts\/9417","targetHints":{"allow":["GET"]}}],"collection":[{"href":"https:\/\/www.sincomam.org.br\/index.php\/wp-json\/wp\/v2\/posts"}],"about":[{"href":"https:\/\/www.sincomam.org.br\/index.php\/wp-json\/wp\/v2\/types\/post"}],"author":[{"embeddable":true,"href":"https:\/\/www.sincomam.org.br\/index.php\/wp-json\/wp\/v2\/users\/1182"}],"replies":[{"embeddable":true,"href":"https:\/\/www.sincomam.org.br\/index.php\/wp-json\/wp\/v2\/comments?post=9417"}],"version-history":[{"count":1,"href":"https:\/\/www.sincomam.org.br\/index.php\/wp-json\/wp\/v2\/posts\/9417\/revisions"}],"predecessor-version":[{"id":9418,"href":"https:\/\/www.sincomam.org.br\/index.php\/wp-json\/wp\/v2\/posts\/9417\/revisions\/9418"}],"wp:featuredmedia":[{"embeddable":true,"href":"https:\/\/www.sincomam.org.br\/index.php\/wp-json\/wp\/v2\/media\/8459"}],"wp:attachment":[{"href":"https:\/\/www.sincomam.org.br\/index.php\/wp-json\/wp\/v2\/media?parent=9417"}],"wp:term":[{"taxonomy":"category","embeddable":true,"href":"https:\/\/www.sincomam.org.br\/index.php\/wp-json\/wp\/v2\/categories?post=9417"},{"taxonomy":"post_tag","embeddable":true,"href":"https:\/\/www.sincomam.org.br\/index.php\/wp-json\/wp\/v2\/tags?post=9417"}],"curies":[{"name":"wp","href":"https:\/\/api.w.org\/{rel}","templated":true}]}}