{"id":9403,"date":"2014-12-03T08:28:27","date_gmt":"2014-12-03T10:28:27","guid":{"rendered":"http:\/\/www.sincomam.org.br\/?p=9403"},"modified":"2014-12-02T23:39:56","modified_gmt":"2014-12-03T01:39:56","slug":"marinha-do-brasil-apresenta-a-senador-o-mapeamento-estrategico-para-investimentos-na-forca-naval-em-2015","status":"publish","type":"post","link":"https:\/\/www.sincomam.org.br\/index.php\/marinha-do-brasil-apresenta-a-senador-o-mapeamento-estrategico-para-investimentos-na-forca-naval-em-2015\/","title":{"rendered":"Marinha do Brasil apresenta a Senador, o mapeamento estrat\u00e9gico para investimentos na For\u00e7a Naval em 2015"},"content":{"rendered":"<p>O Senador Vicentinho Alves (SD\/TO), na condi\u00e7\u00e3o de relator setorial da \u00e1rea tem\u00e1tica VII \u2013 Justi\u00e7a e Defesa, do Projeto de Lei Or\u00e7ament\u00e1ria Anual (LOA) para 2015, participou nesta quinta, 27, de reuni\u00e3o no Comando da Marinha do Brasil. Na reuni\u00e3o de trabalho, o Vice-Almirante e Diretor de Coordena\u00e7\u00e3o do Or\u00e7amento da Marinha, Anatal\u00edcio Risden Junior e integrantes da Diretoria de Gest\u00e3o de Programas Estrat\u00e9gicos da Marinha expuseram as necessidades or\u00e7ament\u00e1rias do Comando para o pr\u00f3ximo ano.<\/p>\n<p>Foram apresentados ao Senador projetos estrat\u00e9gicos, como o Programa Nuclear da Marinha, a Recupera\u00e7\u00e3o da Capacidade Operacional, a Seguran\u00e7a da Navega\u00e7\u00e3o, o Gerenciamento da Amaz\u00f4nia Azul e a Constru\u00e7\u00e3o do N\u00facleo do Poder Naval, como a\u00e7\u00f5es que concentram demandas de recursos numa pr\u00e9-proposta or\u00e7ament\u00e1ria de R$ 8,16 bilh\u00f5es, \u201cque atenderiam as necessidades de atua\u00e7\u00e3o da Marinha\u201d, conforme exp\u00f4s o vice-almirante, Anatal\u00edcio Risden. Desse valor, a Marinha do Brasil ser\u00e1 contemplada em R$ 5,1 bilh\u00f5es atrav\u00e9s do PLOA \u2013 Projeto de Lei Or\u00e7ament\u00e1ria Anual para 2015.<\/p>\n<p>Para garantir investimentos, al\u00e9m dos custeios, a Marinha pleiteou ao senador Vicentinho Alves uma suplementa\u00e7\u00e3o ao or\u00e7amento de R$ 322 milh\u00f5es. \u201cNo que depender do meu auxilio e trabalho, farei o poss\u00edvel para atender as necessidades da Marinha, a fim de contemplar o desenvolvimento e atua\u00e7\u00e3o do Poder Naval brasileiro em toda a sua miss\u00e3o em \u00e1guas nacionais e internacionais\u201d, afirma o parlamentar.<\/p>\n<p>Fonte: Defesa A\u00e9rea &amp; Naval<\/p>\n","protected":false},"excerpt":{"rendered":"<p>O Senador Vicentinho Alves (SD\/TO), na condi\u00e7\u00e3o de relator setorial da \u00e1rea tem\u00e1tica VII \u2013 Justi\u00e7a e Defesa, do Projeto de Lei Or\u00e7ament\u00e1ria Anual (LOA)&#8230;<\/p>\n","protected":false},"author":1182,"featured_media":9404,"comment_status":"closed","ping_status":"closed","sticky":false,"template":"","format":"standard","meta":{"footnotes":""},"categories":[6],"tags":[],"class_list":["post-9403","post","type-post","status-publish","format-standard","has-post-thumbnail","hentry","category-noticias"],"_links":{"self":[{"href":"https:\/\/www.sincomam.org.br\/index.php\/wp-json\/wp\/v2\/posts\/9403","targetHints":{"allow":["GET"]}}],"collection":[{"href":"https:\/\/www.sincomam.org.br\/index.php\/wp-json\/wp\/v2\/posts"}],"about":[{"href":"https:\/\/www.sincomam.org.br\/index.php\/wp-json\/wp\/v2\/types\/post"}],"author":[{"embeddable":true,"href":"https:\/\/www.sincomam.org.br\/index.php\/wp-json\/wp\/v2\/users\/1182"}],"replies":[{"embeddable":true,"href":"https:\/\/www.sincomam.org.br\/index.php\/wp-json\/wp\/v2\/comments?post=9403"}],"version-history":[{"count":1,"href":"https:\/\/www.sincomam.org.br\/index.php\/wp-json\/wp\/v2\/posts\/9403\/revisions"}],"predecessor-version":[{"id":9405,"href":"https:\/\/www.sincomam.org.br\/index.php\/wp-json\/wp\/v2\/posts\/9403\/revisions\/9405"}],"wp:featuredmedia":[{"embeddable":true,"href":"https:\/\/www.sincomam.org.br\/index.php\/wp-json\/wp\/v2\/media\/9404"}],"wp:attachment":[{"href":"https:\/\/www.sincomam.org.br\/index.php\/wp-json\/wp\/v2\/media?parent=9403"}],"wp:term":[{"taxonomy":"category","embeddable":true,"href":"https:\/\/www.sincomam.org.br\/index.php\/wp-json\/wp\/v2\/categories?post=9403"},{"taxonomy":"post_tag","embeddable":true,"href":"https:\/\/www.sincomam.org.br\/index.php\/wp-json\/wp\/v2\/tags?post=9403"}],"curies":[{"name":"wp","href":"https:\/\/api.w.org\/{rel}","templated":true}]}}