{"id":9401,"date":"2014-12-03T08:24:05","date_gmt":"2014-12-03T10:24:05","guid":{"rendered":"http:\/\/www.sincomam.org.br\/?p=9401"},"modified":"2014-12-02T23:27:34","modified_gmt":"2014-12-03T01:27:34","slug":"cabotagem-e-exportacao-registram-forte-crescimento-no-tecon-salvador-no-3o-trimestre","status":"publish","type":"post","link":"https:\/\/www.sincomam.org.br\/index.php\/cabotagem-e-exportacao-registram-forte-crescimento-no-tecon-salvador-no-3o-trimestre\/","title":{"rendered":"Cabotagem e exporta\u00e7\u00e3o registram forte crescimento no Tecon Salvador no 3\u00ba trimestre"},"content":{"rendered":"<p><span>As movimenta\u00e7\u00f5es de cabotagem e de exporta\u00e7\u00e3o foram destaque no terceiro trimestre no Terminal de Cont\u00eaineres de Salvador, operado pelo Grupo Wilson Sons. Os volumes cresceram 45% na cabotagem e 12% na exporta\u00e7\u00e3o, na compara\u00e7\u00e3o com o mesmo per\u00edodo de 2013, impulsionados pela movimenta\u00e7\u00e3o de produtos qu\u00edmicos, sider\u00fargicos e metal\u00fargicos, constru\u00e7\u00e3o civil e celulose.<\/span><\/p>\n<p><span>Na cabotagem, a constru\u00e7\u00e3o civil foi respons\u00e1vel por uma movimenta\u00e7\u00e3o de mais de 2.000 TEUs (+4419%); o transporte de arroz\u00a0 proveniente do Sul acumulou 1.800 TEUs (+15%) e as cargas de papel acumularam aproximadamente 1.000 TEUs (+80%).<\/span><\/p>\n<p><span>Manaus, por sua vez, se consolidou como\u00a0o principal fluxo de cargas transportadas via\u00a0cabotagem\u00a0com Salvador, registrando um aumento de mais de 140% no total movimentado entre julho e setembro de 2014, comparado ao mesmo intervalo do ano passado.<\/span><\/p>\n<p><span>O Tecon Salvador tamb\u00e9m voltou a observar o crescimento dos volumes de exporta\u00e7\u00f5es no trimestre, especialmente de cargas para o Golfo do M\u00e9xico (com crescimento de 73%) e para o Extremo Oriente (incremento de quase 55%).\u00a0<\/span><\/p>\n<p><span>Dos segmentos com saltos mais expressivos na exporta\u00e7\u00e3o, destacam-se o sider\u00fargico (+200%) e o de pol\u00edmeros (+171%). Ambos acumularam uma movimenta\u00e7\u00e3o de quase 4.000 TEUs no terceiro trimestre.<\/p>\n<p><\/span>Fonte: Reda\u00e7\u00e3o SINCOMAM<\/p>\n","protected":false},"excerpt":{"rendered":"<p>As movimenta\u00e7\u00f5es de cabotagem e de exporta\u00e7\u00e3o foram destaque no terceiro trimestre no Terminal de Cont\u00eaineres de Salvador, operado pelo Grupo Wilson Sons. Os volumes&#8230;<\/p>\n","protected":false},"author":1182,"featured_media":3530,"comment_status":"closed","ping_status":"closed","sticky":false,"template":"","format":"standard","meta":{"footnotes":""},"categories":[6],"tags":[],"class_list":["post-9401","post","type-post","status-publish","format-standard","has-post-thumbnail","hentry","category-noticias"],"_links":{"self":[{"href":"https:\/\/www.sincomam.org.br\/index.php\/wp-json\/wp\/v2\/posts\/9401","targetHints":{"allow":["GET"]}}],"collection":[{"href":"https:\/\/www.sincomam.org.br\/index.php\/wp-json\/wp\/v2\/posts"}],"about":[{"href":"https:\/\/www.sincomam.org.br\/index.php\/wp-json\/wp\/v2\/types\/post"}],"author":[{"embeddable":true,"href":"https:\/\/www.sincomam.org.br\/index.php\/wp-json\/wp\/v2\/users\/1182"}],"replies":[{"embeddable":true,"href":"https:\/\/www.sincomam.org.br\/index.php\/wp-json\/wp\/v2\/comments?post=9401"}],"version-history":[{"count":1,"href":"https:\/\/www.sincomam.org.br\/index.php\/wp-json\/wp\/v2\/posts\/9401\/revisions"}],"predecessor-version":[{"id":9402,"href":"https:\/\/www.sincomam.org.br\/index.php\/wp-json\/wp\/v2\/posts\/9401\/revisions\/9402"}],"wp:featuredmedia":[{"embeddable":true,"href":"https:\/\/www.sincomam.org.br\/index.php\/wp-json\/wp\/v2\/media\/3530"}],"wp:attachment":[{"href":"https:\/\/www.sincomam.org.br\/index.php\/wp-json\/wp\/v2\/media?parent=9401"}],"wp:term":[{"taxonomy":"category","embeddable":true,"href":"https:\/\/www.sincomam.org.br\/index.php\/wp-json\/wp\/v2\/categories?post=9401"},{"taxonomy":"post_tag","embeddable":true,"href":"https:\/\/www.sincomam.org.br\/index.php\/wp-json\/wp\/v2\/tags?post=9401"}],"curies":[{"name":"wp","href":"https:\/\/api.w.org\/{rel}","templated":true}]}}