{"id":9399,"date":"2014-12-03T08:21:16","date_gmt":"2014-12-03T10:21:16","guid":{"rendered":"http:\/\/www.sincomam.org.br\/?p=9399"},"modified":"2014-12-02T23:23:39","modified_gmt":"2014-12-03T01:23:39","slug":"mpf-quer-que-petrobras-pague-r-10-milhoes-por-derramamento-de-oleo-em-sao-paulo","status":"publish","type":"post","link":"https:\/\/www.sincomam.org.br\/index.php\/mpf-quer-que-petrobras-pague-r-10-milhoes-por-derramamento-de-oleo-em-sao-paulo\/","title":{"rendered":"MPF quer que Petrobras pague R$ 10 milh\u00f5es por derramamento de \u00f3leo em S\u00e3o Paulo"},"content":{"rendered":"<p>O Minist\u00e9rio P\u00fablico Federal (MPF) e o Minist\u00e9rio P\u00fablico do Estado de S\u00e3o Paulo recorreram \u00e0 Justi\u00e7a para que a Petrobras, sua subsidi\u00e1ria Petrobras Distribuidora e a Cooperativa de Transportes Rodovi\u00e1rios do ABC paguem R$ 5 milh\u00f5es de indeniza\u00e7\u00e3o por danos causados ao meio ambiente. Protocolada no \u00faltimo dia 28, a a\u00e7\u00e3o civil p\u00fablica foi motivada pelo derramamento, em 2012, de 15 mil litros de \u00f3leo diesel no mar, na cidade de S\u00e3o Sebasti\u00e3o, no litoral norte paulista.<\/p>\n<p>O derramamento de combust\u00edvel foi provocado pelo tombamento de um caminh\u00e3o-tanque na Serra de Maresias, no dia 6 de setembro daquele ano. O \u00f3leo atingiu o C\u00f3rrego Canto do Moreira, chegando, horas depois, \u00e0 Praia de Maresias e ao cost\u00e3o rochoso local. Segundo o MPF, o vazamento provocou dano ambiental irrepar\u00e1vel, com mortandade de peixes e crust\u00e1ceos, al\u00e9m de riscos \u00e0 sa\u00fade da popula\u00e7\u00e3o.\u00a0 Por essas raz\u00f5es, a a\u00e7\u00e3o civil p\u00fablica ajuizada pede tamb\u00e9m o pagamento de mais R$ 5 milh\u00f5es pelos danos morais coletivos causados pelo acidente.<\/p>\n<p>O \u00f3leo contaminou o solo e encharcou a vegeta\u00e7\u00e3o ciliar, que teve de ser retirada das margens do c\u00f3rrego, considerado \u00c1rea de Prote\u00e7\u00e3o Permanente (APP). \u201cO poluente afetou a qualidade da \u00e1gua e a tornou impr\u00f3pria para banho. Parte da Praia de Maresias ficou interditada durante o feriado de 7 de setembro, prejudicando o com\u00e9rcio local, em grande parte sustentado pelo turismo. Duas crian\u00e7as foram hospitalizadas com irrita\u00e7\u00e3o na pele e ard\u00eancia nos olhos\u201d, destacou nota do MPF.<\/p>\n<p>De acordo com o MPF, faltam investimentos em a\u00e7\u00f5es e procedimentos, pol\u00edtica eficaz de conting\u00eancia emergencial de acidentes e recupera\u00e7\u00e3o ambiental por parte da Petrobras e terceirizadas. \u201cOcorre que a estatal e suas subsidi\u00e1rias contratadas t\u00eam falhado nesses dois passos. Preferem assumir o risco de causar acidentes e danos irrepar\u00e1veis para, ent\u00e3o, indenizar\u201d, ressaltou o documento.<\/p>\n<p>A Petrobras e a Cooperativa de Transportes Rodovi\u00e1rios do ABC foram contatadas pela Ag\u00eancia Brasil, mas n\u00e3o se manifestaram at\u00e9 a publica\u00e7\u00e3o da mat\u00e9ria.<\/p>\n<p>Fonte: Bruno Bocchini &#8211; Rep\u00f3rter da Ag\u00eancia Brasil<br \/>Foto: ilustrativa<\/p>\n","protected":false},"excerpt":{"rendered":"<p>O Minist\u00e9rio P\u00fablico Federal (MPF) e o Minist\u00e9rio P\u00fablico do Estado de S\u00e3o Paulo recorreram \u00e0 Justi\u00e7a para que a Petrobras, sua subsidi\u00e1ria Petrobras Distribuidora&#8230;<\/p>\n","protected":false},"author":1182,"featured_media":6512,"comment_status":"closed","ping_status":"closed","sticky":false,"template":"","format":"standard","meta":{"footnotes":""},"categories":[6],"tags":[],"class_list":["post-9399","post","type-post","status-publish","format-standard","has-post-thumbnail","hentry","category-noticias"],"_links":{"self":[{"href":"https:\/\/www.sincomam.org.br\/index.php\/wp-json\/wp\/v2\/posts\/9399","targetHints":{"allow":["GET"]}}],"collection":[{"href":"https:\/\/www.sincomam.org.br\/index.php\/wp-json\/wp\/v2\/posts"}],"about":[{"href":"https:\/\/www.sincomam.org.br\/index.php\/wp-json\/wp\/v2\/types\/post"}],"author":[{"embeddable":true,"href":"https:\/\/www.sincomam.org.br\/index.php\/wp-json\/wp\/v2\/users\/1182"}],"replies":[{"embeddable":true,"href":"https:\/\/www.sincomam.org.br\/index.php\/wp-json\/wp\/v2\/comments?post=9399"}],"version-history":[{"count":1,"href":"https:\/\/www.sincomam.org.br\/index.php\/wp-json\/wp\/v2\/posts\/9399\/revisions"}],"predecessor-version":[{"id":9400,"href":"https:\/\/www.sincomam.org.br\/index.php\/wp-json\/wp\/v2\/posts\/9399\/revisions\/9400"}],"wp:featuredmedia":[{"embeddable":true,"href":"https:\/\/www.sincomam.org.br\/index.php\/wp-json\/wp\/v2\/media\/6512"}],"wp:attachment":[{"href":"https:\/\/www.sincomam.org.br\/index.php\/wp-json\/wp\/v2\/media?parent=9399"}],"wp:term":[{"taxonomy":"category","embeddable":true,"href":"https:\/\/www.sincomam.org.br\/index.php\/wp-json\/wp\/v2\/categories?post=9399"},{"taxonomy":"post_tag","embeddable":true,"href":"https:\/\/www.sincomam.org.br\/index.php\/wp-json\/wp\/v2\/tags?post=9399"}],"curies":[{"name":"wp","href":"https:\/\/api.w.org\/{rel}","templated":true}]}}