{"id":9393,"date":"2014-12-03T08:01:56","date_gmt":"2014-12-03T10:01:56","guid":{"rendered":"http:\/\/www.sincomam.org.br\/?p=9393"},"modified":"2014-12-02T23:13:29","modified_gmt":"2014-12-03T01:13:29","slug":"em-acareacao-na-cpmi-ex-diretores-da-petrobras-divergem-sobre-propina","status":"publish","type":"post","link":"https:\/\/www.sincomam.org.br\/index.php\/em-acareacao-na-cpmi-ex-diretores-da-petrobras-divergem-sobre-propina\/","title":{"rendered":"Em acarea\u00e7\u00e3o na CPMI, ex-diretores da Petrobras divergem sobre propina"},"content":{"rendered":"<p>A acarea\u00e7\u00e3o dos ex-diretores da Petrobras Paulo Roberto Costa e Nestor Cerver\u00f3 est\u00e1 sendo realizada, neste momento, na comiss\u00e3o parlamentar mista de inqu\u00e9rito (CPMI) que investiga den\u00fancias de corrup\u00e7\u00e3o na petroleira. O primeiro assunto colocado pelos parlamentares para esclarecimento entre os dois foi o pagamento de propina no contrato da compra da Refinaria de Pasadena, nos Estados Unidos.<\/p>\n<p>Na condi\u00e7\u00e3o de diretor respons\u00e1vel, \u00e0 \u00e9poca, pela compra da refinaria, Cerver\u00f3 negou que tenha havido pagamento de propina nos contratos referentes a essa transa\u00e7\u00e3o e em outros da Petrobras. \u201cEu desconhecia. Pelo fato de desconhecer, para mim, n\u00e3o havia [pagamento de propina]\u201d, voltou a afirmar Cerver\u00f3 hoje. Em seguida, questionado sobre uma carta escrita por ele que propiciou a compra da refinaria, ele disse que n\u00e3o recebeu propina por isso. \u201cEu n\u00e3o recebi nada, eu fiz um procedimento normal. Eu n\u00e3o recebi nada por essa carta\u201d, reiterou.<\/p>\n<p>Sobre o assunto, Paulo Roberto Costa se limitou a dizer que reitera o que j\u00e1 disse ao juiz S\u00e9rgio Moro, nos depoimentos que prestou em Curitiba. Em setembro, o Jornal Nacional, da TV Globo, informou que Costa havia admitido para o juiz ter recebido, ele pr\u00f3prio, R$ 1,5 milh\u00e3o de propina pelo contrato da Refinaria de Pasadena.<\/p>\n<p>No in\u00edcio da acarea\u00e7\u00e3o, Costa foi o primeiro a falar e come\u00e7ou dizendo que tudo o que j\u00e1 disse nos depoimentos da dela\u00e7\u00e3o premiada tem comprova\u00e7\u00e3o. \u201cN\u00e3o tem nada da dela\u00e7\u00e3o que eu falei que eu n\u00e3o confirme. Porque a dela\u00e7\u00e3o \u00e9 um instrumento extremamente s\u00e9rio, n\u00e3o podem ser usados artif\u00edcios, n\u00e3o pode haver mentira, nem coisas que n\u00e3o se possa confirmar depois\u201d, afirmou. \u201cFalei de fatos, falei de dados, falei de pessoas. Na \u00e9poca oportuna, essas pessoas ser\u00e3o conhecidas\u201d, enfatizou.<\/p>\n<p>Paulo Roberto \u00e9 apontado pela Pol\u00edcia Federal como uma das pessoas no topo de uma organiza\u00e7\u00e3o que intermediava o pagamento de propina de empreiteiras a partidos pol\u00edticos e agentes p\u00fablicos para conseguir contratos com a Petrobras. Na condi\u00e7\u00e3o de diretor de Abastecimento da empresa, ele admitiu \u00e0 Justi\u00e7a \u2013 em depoimento aberto, fora da dela\u00e7\u00e3o premiada \u2013 que era respons\u00e1vel pelo recebimento do dinheiro de propina que posteriormente seria repassado ao PP, ao PT e ao PMDB.<\/p>\n<p>No in\u00edcio do depoimento desta ter\u00e7a-feira (2) na CPMI, ele se disse arrependido do que fez e at\u00e9 mesmo de ter aceitado uma indica\u00e7\u00e3o pol\u00edtica para chegar ao cargo de diretor da Petrobras. Segundo ele, foi essa indica\u00e7\u00e3o que o levou \u00e0 condi\u00e7\u00e3o de r\u00e9u atualmente. \u201cMas, em todos os governos, desde o governo Sarney, o governo Collor, o governo Itamar, o governo Fernando Henrique, o governo Lula e o governo Dilma, em todos os governos, s\u00f3 se chega ao cargo de diretor da Petrobras se tiver uma indica\u00e7\u00e3o pol\u00edtica. E eu aceitei essa indica\u00e7\u00e3o, da qual me arrependo amargamente, porque agora estou aqui\u201d, disse. De acordo com ele, o mesmo esquema que ocorre com obras da Petrobras repete-se em todos os contratos p\u00fablicos feitos no pa\u00eds, incluindo ferrovias, portos e aeroportos.<\/p>\n<p>Logo em seguida, Cerver\u00f3 disse que sua defesa est\u00e1 sendo paga pela Petrobras por meio de um seguro que \u00e9 feito pela companhia para custear a defesa de seus funcion\u00e1rios em processos que estejam relacionados \u00e0 gest\u00e3o. \u201cEsse seguro s\u00f3 cobre a defesa. No caso de condena\u00e7\u00e3o ou dolo comprovado, o seguro tem que ser ressarcido pelo respons\u00e1vel\u201d, esclareceu em seguida.<\/p>\n<p>Nestor Cerver\u00f3 come\u00e7ou a acarea\u00e7\u00e3o comunicando aos parlamentares que n\u00e3o iria responder a perguntas formuladas com base em vazamento de informa\u00e7\u00f5es do processo \u00e0 imprensa. \u201cN\u00e3o vou responder a perguntas que sejam extra\u00eddas de poss\u00edveis vazamentos ou ila\u00e7\u00f5es da m\u00eddia. N\u00e3o vou responder a perguntas que eu desconhe\u00e7o e que os senhores tamb\u00e9m desconhecem\u201d, disse.<\/p>\n<p>A acarea\u00e7\u00e3o continua e os dois respondem a perguntas dos membros da CPMI.<\/p>\n<p>Fonte: Ag\u00eancia Brasil \/\u00a0Mariana Jungmann<br \/><span>Foto: Antonio Cruz\/ Ag\u00eancia Brasil<\/span><\/p>\n","protected":false},"excerpt":{"rendered":"<p>A acarea\u00e7\u00e3o dos ex-diretores da Petrobras Paulo Roberto Costa e Nestor Cerver\u00f3 est\u00e1 sendo realizada, neste momento, na comiss\u00e3o parlamentar mista de inqu\u00e9rito (CPMI) que&#8230;<\/p>\n","protected":false},"author":1182,"featured_media":9394,"comment_status":"closed","ping_status":"closed","sticky":false,"template":"","format":"standard","meta":{"footnotes":""},"categories":[6],"tags":[],"class_list":["post-9393","post","type-post","status-publish","format-standard","has-post-thumbnail","hentry","category-noticias"],"_links":{"self":[{"href":"https:\/\/www.sincomam.org.br\/index.php\/wp-json\/wp\/v2\/posts\/9393","targetHints":{"allow":["GET"]}}],"collection":[{"href":"https:\/\/www.sincomam.org.br\/index.php\/wp-json\/wp\/v2\/posts"}],"about":[{"href":"https:\/\/www.sincomam.org.br\/index.php\/wp-json\/wp\/v2\/types\/post"}],"author":[{"embeddable":true,"href":"https:\/\/www.sincomam.org.br\/index.php\/wp-json\/wp\/v2\/users\/1182"}],"replies":[{"embeddable":true,"href":"https:\/\/www.sincomam.org.br\/index.php\/wp-json\/wp\/v2\/comments?post=9393"}],"version-history":[{"count":1,"href":"https:\/\/www.sincomam.org.br\/index.php\/wp-json\/wp\/v2\/posts\/9393\/revisions"}],"predecessor-version":[{"id":9395,"href":"https:\/\/www.sincomam.org.br\/index.php\/wp-json\/wp\/v2\/posts\/9393\/revisions\/9395"}],"wp:featuredmedia":[{"embeddable":true,"href":"https:\/\/www.sincomam.org.br\/index.php\/wp-json\/wp\/v2\/media\/9394"}],"wp:attachment":[{"href":"https:\/\/www.sincomam.org.br\/index.php\/wp-json\/wp\/v2\/media?parent=9393"}],"wp:term":[{"taxonomy":"category","embeddable":true,"href":"https:\/\/www.sincomam.org.br\/index.php\/wp-json\/wp\/v2\/categories?post=9393"},{"taxonomy":"post_tag","embeddable":true,"href":"https:\/\/www.sincomam.org.br\/index.php\/wp-json\/wp\/v2\/tags?post=9393"}],"curies":[{"name":"wp","href":"https:\/\/api.w.org\/{rel}","templated":true}]}}