{"id":9376,"date":"2014-12-02T09:20:16","date_gmt":"2014-12-02T11:20:16","guid":{"rendered":"http:\/\/www.sincomam.org.br\/?p=9376"},"modified":"2014-12-02T09:20:16","modified_gmt":"2014-12-02T11:20:16","slug":"antaq-celebra-contrato-de-adesao-com-empresa-jf-de-oliveira","status":"publish","type":"post","link":"https:\/\/www.sincomam.org.br\/index.php\/antaq-celebra-contrato-de-adesao-com-empresa-jf-de-oliveira\/","title":{"rendered":"ANTAQ celebra contrato de ades\u00e3o com empresa JF de Oliveira"},"content":{"rendered":"<p>A ANTAQ, em nome da Uni\u00e3o, celebrou com a empresa JF de Oliveira Navega\u00e7\u00e3o Ltda. contrato de ades\u00e3o adaptado \u00e0 Lei n\u00ba 12.815\/2013. A assinatura aconteceu, ontem, segunda-feira (1\u00ba), na sede da Ag\u00eancia, em Bras\u00edlia, e teve como objeto a autoriza\u00e7\u00e3o de instala\u00e7\u00e3o portu\u00e1ria na modalidade Terminal de Uso Privado, denominada TUP JF de Oliveira de Bel\u00e9m, localizada na Baia do Guajar\u00e1, em Icoaraci, Bel\u00e9m (PA).<\/p>\n<p>Pela ANTAQ, participou o diretor-geral, M\u00e1rio Povia, e pelo terminal, o seu presidente, Passar\u00e3o, e a assessora da Vice-Presid\u00eancia, Dicl\u00e9a Pereira.<\/p>\n<p>Com a assinatura dos contrato, a empresa fica autorizada a movimentar e armazenar carga conteinerizada e carga geral, por durante 25 anos, contados a partir da data de assinatura dos contratos de ades\u00e3o, prorrog\u00e1vel por per\u00edodos sucessivos mediante a manuten\u00e7\u00e3o da atividade pela autorizada e realiza\u00e7\u00e3o dos investimentos necess\u00e1rios \u00e0 expans\u00e3o e moderniza\u00e7\u00e3o das instala\u00e7\u00f5es portu\u00e1rias.<\/p>\n<p>A \u00e1rea autorizada para explora\u00e7\u00e3o da instala\u00e7\u00e3o portu\u00e1ria corresponde a 35.750,00 metros quadrados.<\/p>\n<p>Fonte: ANTAQ<\/p>\n","protected":false},"excerpt":{"rendered":"<p>A ANTAQ, em nome da Uni\u00e3o, celebrou com a empresa JF de Oliveira Navega\u00e7\u00e3o Ltda. contrato de ades\u00e3o adaptado \u00e0 Lei n\u00ba 12.815\/2013. A assinatura&#8230;<\/p>\n","protected":false},"author":1182,"featured_media":6017,"comment_status":"closed","ping_status":"closed","sticky":false,"template":"","format":"standard","meta":{"footnotes":""},"categories":[6],"tags":[],"class_list":["post-9376","post","type-post","status-publish","format-standard","has-post-thumbnail","hentry","category-noticias"],"_links":{"self":[{"href":"https:\/\/www.sincomam.org.br\/index.php\/wp-json\/wp\/v2\/posts\/9376","targetHints":{"allow":["GET"]}}],"collection":[{"href":"https:\/\/www.sincomam.org.br\/index.php\/wp-json\/wp\/v2\/posts"}],"about":[{"href":"https:\/\/www.sincomam.org.br\/index.php\/wp-json\/wp\/v2\/types\/post"}],"author":[{"embeddable":true,"href":"https:\/\/www.sincomam.org.br\/index.php\/wp-json\/wp\/v2\/users\/1182"}],"replies":[{"embeddable":true,"href":"https:\/\/www.sincomam.org.br\/index.php\/wp-json\/wp\/v2\/comments?post=9376"}],"version-history":[{"count":1,"href":"https:\/\/www.sincomam.org.br\/index.php\/wp-json\/wp\/v2\/posts\/9376\/revisions"}],"predecessor-version":[{"id":9377,"href":"https:\/\/www.sincomam.org.br\/index.php\/wp-json\/wp\/v2\/posts\/9376\/revisions\/9377"}],"wp:featuredmedia":[{"embeddable":true,"href":"https:\/\/www.sincomam.org.br\/index.php\/wp-json\/wp\/v2\/media\/6017"}],"wp:attachment":[{"href":"https:\/\/www.sincomam.org.br\/index.php\/wp-json\/wp\/v2\/media?parent=9376"}],"wp:term":[{"taxonomy":"category","embeddable":true,"href":"https:\/\/www.sincomam.org.br\/index.php\/wp-json\/wp\/v2\/categories?post=9376"},{"taxonomy":"post_tag","embeddable":true,"href":"https:\/\/www.sincomam.org.br\/index.php\/wp-json\/wp\/v2\/tags?post=9376"}],"curies":[{"name":"wp","href":"https:\/\/api.w.org\/{rel}","templated":true}]}}