{"id":9368,"date":"2014-12-02T08:57:34","date_gmt":"2014-12-02T10:57:34","guid":{"rendered":"http:\/\/www.sincomam.org.br\/?p=9368"},"modified":"2014-12-02T08:57:34","modified_gmt":"2014-12-02T10:57:34","slug":"brasil-tera-centro-estrategico-para-pre-sal","status":"publish","type":"post","link":"https:\/\/www.sincomam.org.br\/index.php\/brasil-tera-centro-estrategico-para-pre-sal\/","title":{"rendered":"Brasil ter\u00e1 centro estrat\u00e9gico para pr\u00e9-sal"},"content":{"rendered":"<p>Sede do Centro de Nanotecnologia de Materiais de Carbono ser\u00e1 constru\u00edda a partir de janeiro em Belo Horizonte. Produtos fabricados no local ser\u00e3o usados em extra\u00e7\u00e3o de petr\u00f3leo.<\/p>\n<p>Rio de Janeiro &#8211; A sede definitiva do Centro de Nanotecnologia de Materiais de Carbono (CTNanotubos), come\u00e7a a ser constru\u00edda em janeiro de 2015, no Parque Tecnol\u00f3gico de Belo Horizonte, em Minas Gerais. Ela ter\u00e1 fun\u00e7\u00e3o estrat\u00e9gica para o setor de petr\u00f3leo e g\u00e1s nacional e a sua conclus\u00e3o est\u00e1 prevista para 2017.<\/p>\n<p>O coordenador do centro, Marcos Pimenta, disse que a unidade ser\u00e1 respons\u00e1vel pela fabrica\u00e7\u00e3o de nanotubos de carbono. \u201cVamos incrementar nanotubos de carbono em alguns tipos de pl\u00e1stico e de cimento para melhorar a propriedade desses produtos para o processo de extra\u00e7\u00e3o do pr\u00e9-sal\u201d, ressaltou. O CTNanotubos j\u00e1 est\u00e1 funcionando em um espa\u00e7o provis\u00f3rio, onde produz 50 gramas de nanotubos de carbono por dia. Quando o reator definitivo estiver pronto, permitir\u00e1 ao centro elevar a produ\u00e7\u00e3o \u201cpara v\u00e1rios quilogramas por dia de nanotubos de carbono\u201d, disse Pimenta.<\/p>\n<p>O centro desenvolver\u00e1 pesquisas em nanotecnologia e dar\u00e1 \u00eanfase ao desenvolvimento de nanomateriais \u00e0 base de carbono, em especial nanotubos de carbono. Segundo Pimenta, o que se pretende \u00e9 melhorar o desempenho dos materiais. O trabalho \u00e9 in\u00e9dito no Brasil.<\/p>\n<p>Fonte: Ag\u00eancia de Not\u00edcias Brasil\/\u00c1rabe\/Ag\u00eancia Brasil<\/p>\n","protected":false},"excerpt":{"rendered":"<p>Sede do Centro de Nanotecnologia de Materiais de Carbono ser\u00e1 constru\u00edda a partir de janeiro em Belo Horizonte. Produtos fabricados no local ser\u00e3o usados em&#8230;<\/p>\n","protected":false},"author":1182,"featured_media":0,"comment_status":"closed","ping_status":"closed","sticky":false,"template":"","format":"standard","meta":{"footnotes":""},"categories":[6],"tags":[],"class_list":["post-9368","post","type-post","status-publish","format-standard","hentry","category-noticias"],"_links":{"self":[{"href":"https:\/\/www.sincomam.org.br\/index.php\/wp-json\/wp\/v2\/posts\/9368","targetHints":{"allow":["GET"]}}],"collection":[{"href":"https:\/\/www.sincomam.org.br\/index.php\/wp-json\/wp\/v2\/posts"}],"about":[{"href":"https:\/\/www.sincomam.org.br\/index.php\/wp-json\/wp\/v2\/types\/post"}],"author":[{"embeddable":true,"href":"https:\/\/www.sincomam.org.br\/index.php\/wp-json\/wp\/v2\/users\/1182"}],"replies":[{"embeddable":true,"href":"https:\/\/www.sincomam.org.br\/index.php\/wp-json\/wp\/v2\/comments?post=9368"}],"version-history":[{"count":1,"href":"https:\/\/www.sincomam.org.br\/index.php\/wp-json\/wp\/v2\/posts\/9368\/revisions"}],"predecessor-version":[{"id":9369,"href":"https:\/\/www.sincomam.org.br\/index.php\/wp-json\/wp\/v2\/posts\/9368\/revisions\/9369"}],"wp:attachment":[{"href":"https:\/\/www.sincomam.org.br\/index.php\/wp-json\/wp\/v2\/media?parent=9368"}],"wp:term":[{"taxonomy":"category","embeddable":true,"href":"https:\/\/www.sincomam.org.br\/index.php\/wp-json\/wp\/v2\/categories?post=9368"},{"taxonomy":"post_tag","embeddable":true,"href":"https:\/\/www.sincomam.org.br\/index.php\/wp-json\/wp\/v2\/tags?post=9368"}],"curies":[{"name":"wp","href":"https:\/\/api.w.org\/{rel}","templated":true}]}}