{"id":9362,"date":"2014-12-02T08:16:24","date_gmt":"2014-12-02T10:16:24","guid":{"rendered":"http:\/\/www.sincomam.org.br\/?p=9362"},"modified":"2014-12-01T17:18:06","modified_gmt":"2014-12-01T19:18:06","slug":"boa-condicao-economica-impede-concessao-de-justica-gratuita-a-empregado-da-petrobras","status":"publish","type":"post","link":"https:\/\/www.sincomam.org.br\/index.php\/boa-condicao-economica-impede-concessao-de-justica-gratuita-a-empregado-da-petrobras\/","title":{"rendered":"Boa condi\u00e7\u00e3o econ\u00f4mica impede concess\u00e3o de justi\u00e7a gratuita a empregado da Petrobras"},"content":{"rendered":"<div id=\"ecxyiv0101524243yui_3_16_0_1_1417448459271_15978\" class=\"ecxyiv0101524243\"><span id=\"ecxyiv0101524243yui_3_16_0_1_1417448459271_15977\" class=\"ecxyiv0101524243\">A S\u00e9tima Turma do Tribunal Superior do Trabalho n\u00e3o conheceu do recurso de um empregado da Petr\u00f3leo Brasileiro S. A. (Petrobras) que teve a gratuidade da justi\u00e7a suspensa depois de a empresa comprovar no processo que, al\u00e9m de bom sal\u00e1rio, ele tinha bens m\u00f3veis e im\u00f3veis, n\u00e3o tinha dependentes nem gastos com aluguel. A quest\u00e3o estava centrada no reexame de provas, o que n\u00e3o pode ser feito no TST.<\/span><\/div>\n<div id=\"ecxyiv0101524243yui_3_16_0_1_1417448459271_15979\" class=\"ecxyiv0101524243\"><span class=\"ecxyiv0101524243\">\u00a0<\/span><\/div>\n<div id=\"ecxyiv0101524243yui_3_16_0_1_1417448459271_15981\" class=\"ecxyiv0101524243\"><span id=\"ecxyiv0101524243yui_3_16_0_1_1417448459271_15980\" class=\"ecxyiv0101524243\">A reclama\u00e7\u00e3o trabalhista pretendia a revis\u00e3o dos c\u00e1lculos da parcela RMNR (remunera\u00e7\u00e3o m\u00ednima por n\u00edvel de regime). Na pe\u00e7a de defesa, a empresa contestou o pedido de justi\u00e7a gratuita feito pelo empregado. &#8220;Em verdadeira afronta \u00e0 dignidade da justi\u00e7a, o autor afirma n\u00e3o possuir meios para custear o processo, mas faz juntar aos autos v\u00e1rios comprovantes de rendimentos que demonstram cabalmente condi\u00e7\u00e3o econ\u00f4mica e poder aquisitivo que permitem arcar com os custos processuais&#8221;, afirmou a empresa, destacando que o sal\u00e1rio do empregado era de mais de R$ 10 mil.<\/span><\/div>\n<div id=\"ecxyiv0101524243yui_3_16_0_1_1417448459271_15982\" class=\"ecxyiv0101524243\"><span class=\"ecxyiv0101524243\">\u00a0<\/span><\/div>\n<div id=\"ecxyiv0101524243yui_3_16_0_1_1417448459271_15984\" class=\"ecxyiv0101524243\"><span id=\"ecxyiv0101524243yui_3_16_0_1_1417448459271_15983\" class=\"ecxyiv0101524243\">O pedido de gratuidade foi deferido em primeiro grau, mas indeferido pelo Tribunal Regional do Trabalho da 15\u00aa Regi\u00e3o (Campinas\/SP), diante da constata\u00e7\u00e3o de que o aposentado tinha renda mensal de R$ 7 mil, n\u00e3o tinha dependentes, possu\u00eda tr\u00eas im\u00f3veis e n\u00e3o pagava aluguel. O indeferimento levou em conta tamb\u00e9m que o pr\u00f3prio autor da a\u00e7\u00e3o n\u00e3o contestou os argumentos da Petrobras, &#8220;o que faz presumir a aceita\u00e7\u00e3o do conte\u00fado da pe\u00e7a de rebate&#8221;.<\/span><\/div>\n<div id=\"ecxyiv0101524243yui_3_16_0_1_1417448459271_15998\" class=\"ecxyiv0101524243\"><span class=\"ecxyiv0101524243\">\u00a0<\/span><\/div>\n<div id=\"ecxyiv0101524243yui_3_16_0_1_1417448459271_15986\" class=\"ecxyiv0101524243\"><span id=\"ecxyiv0101524243yui_3_16_0_1_1417448459271_15985\" class=\"ecxyiv0101524243\">No recurso ao TST, ele sustentou que, no momento em que interp\u00f4s o recurso, declarou expressamente que n\u00e3o tinha condi\u00e7\u00f5es de pagar as custas processuais.<\/span><\/div>\n<div id=\"ecxyiv0101524243yui_3_16_0_1_1417448459271_15999\" class=\"ecxyiv0101524243\"><span class=\"ecxyiv0101524243\">\u00a0<\/span><\/div>\n<div class=\"ecxyiv0101524243\"><span class=\"ecxyiv0101524243\">O relator, ministro Douglas Alencar Rodrigues, observou que, na Justi\u00e7a do Trabalho, a assist\u00eancia judici\u00e1ria (Lei 1.060\/50) \u00e9 devida ao trabalhador com sal\u00e1rio inferior ao dobro do m\u00ednimo legal ou \u00e0quele que n\u00e3o tenha condi\u00e7\u00f5es de demandar sem preju\u00edzo do sustento pr\u00f3prio e de sua fam\u00edlia (par\u00e1grafo 1\u00ba do artigo 14 da Lei 5.584\/70), bastando para tanto declara\u00e7\u00e3o neste sentido. A parte contr\u00e1ria, por\u00e9m, pode ipugnar o pedido, sujeitando o trabalhador, em caso de falsidade, \u00e0s san\u00e7\u00f5es cab\u00edveis.<\/span><\/div>\n<div class=\"ecxyiv0101524243\"><span class=\"ecxyiv0101524243\">\u00a0<\/span><\/div>\n<div class=\"ecxyiv0101524243\"><span class=\"ecxyiv0101524243\">No caso, o TRT apenas examinou as circunst\u00e2ncias objetivas e subjetivas relativas \u00e0 situa\u00e7\u00e3o econ\u00f4mica e financeira do empregado, concluindo pela inaplicabilidade do benef\u00edcio. A pretens\u00e3o recursal, portanto, estava centrada na quest\u00e3o do reexame da situa\u00e7\u00e3o econ\u00f4mico\u2013financeira do trabalhador, procedimento vedado pela <a rel=\"nofollow\" class=\"ecxyiv0101524243\" target=\"_blank\" href=\"http:\/\/www3.tst.jus.br\/jurisprudencia\/Sumulas_com_indice\/Sumulas_Ind_101_150.html#SUM-126\"><span class=\"ecxyiv0101524243\">S\u00famula 126<\/span><\/a> do TST. O ministro observou, tamb\u00e9m, que, ao impetrar o recurso, a justi\u00e7a gratuita estava suspensa e as custas processuais n\u00e3o foram recolhidas. Assim, sem o restabelecimento do benef\u00edcio, o recurso foi considerado deserto.<\/span><\/div>\n<div class=\"ecxyiv0101524243\"><span class=\"ecxyiv0101524243\">\u00a0<\/span><\/div>\n<div class=\"ecxyiv0101524243\"><span class=\"ecxyiv0101524243\">A decis\u00e3o foi un\u00e2nime. Ap\u00f3s a publica\u00e7\u00e3o do ac\u00f3rd\u00e3o, o trabalhador interp\u00f4s embargos \u00e0 Subse\u00e7\u00e3o 1 Especializada em Diss\u00eddios Individuais (SDI-1), ainda n\u00e3o julgados.<\/span><\/div>\n<div class=\"ecxyiv0101524243\"><span class=\"ecxyiv0101524243\">\u00a0<\/span><\/div>\n<div class=\"ecxyiv0101524243\"><span class=\"ecxyiv0101524243\">(Paula Andrade\/CF)<\/span><\/div>\n<div class=\"ecxyiv0101524243\"><span class=\"ecxyiv0101524243\">Processo: <a rel=\"nofollow\" class=\"ecxyiv0101524243\" target=\"_blank\" href=\"https:\/\/aplicacao5.tst.jus.br\/consultaProcessual\/consultaTstNumUnica.do?consulta=Consultar&#038;conscsjt=&#038;numeroTst=575&#038;digitoTst=25&#038;anoTst=2011&#038;orgaoTst=5&#038;tribunalTst=15&#038;varaTst=84&#038;submit=Consultar\"><span class=\"ecxyiv0101524243\">RR-575-25.2011.5.15.0084<\/p>\n<p><\/span><\/a><\/span>Fonte: TST<\/div>\n","protected":false},"excerpt":{"rendered":"<p>A S\u00e9tima Turma do Tribunal Superior do Trabalho n\u00e3o conheceu do recurso de um empregado da Petr\u00f3leo Brasileiro S. A. (Petrobras) que teve a gratuidade&#8230;<\/p>\n","protected":false},"author":1182,"featured_media":3844,"comment_status":"closed","ping_status":"closed","sticky":false,"template":"","format":"standard","meta":{"footnotes":""},"categories":[6],"tags":[],"class_list":["post-9362","post","type-post","status-publish","format-standard","has-post-thumbnail","hentry","category-noticias"],"_links":{"self":[{"href":"https:\/\/www.sincomam.org.br\/index.php\/wp-json\/wp\/v2\/posts\/9362","targetHints":{"allow":["GET"]}}],"collection":[{"href":"https:\/\/www.sincomam.org.br\/index.php\/wp-json\/wp\/v2\/posts"}],"about":[{"href":"https:\/\/www.sincomam.org.br\/index.php\/wp-json\/wp\/v2\/types\/post"}],"author":[{"embeddable":true,"href":"https:\/\/www.sincomam.org.br\/index.php\/wp-json\/wp\/v2\/users\/1182"}],"replies":[{"embeddable":true,"href":"https:\/\/www.sincomam.org.br\/index.php\/wp-json\/wp\/v2\/comments?post=9362"}],"version-history":[{"count":1,"href":"https:\/\/www.sincomam.org.br\/index.php\/wp-json\/wp\/v2\/posts\/9362\/revisions"}],"predecessor-version":[{"id":9363,"href":"https:\/\/www.sincomam.org.br\/index.php\/wp-json\/wp\/v2\/posts\/9362\/revisions\/9363"}],"wp:featuredmedia":[{"embeddable":true,"href":"https:\/\/www.sincomam.org.br\/index.php\/wp-json\/wp\/v2\/media\/3844"}],"wp:attachment":[{"href":"https:\/\/www.sincomam.org.br\/index.php\/wp-json\/wp\/v2\/media?parent=9362"}],"wp:term":[{"taxonomy":"category","embeddable":true,"href":"https:\/\/www.sincomam.org.br\/index.php\/wp-json\/wp\/v2\/categories?post=9362"},{"taxonomy":"post_tag","embeddable":true,"href":"https:\/\/www.sincomam.org.br\/index.php\/wp-json\/wp\/v2\/tags?post=9362"}],"curies":[{"name":"wp","href":"https:\/\/api.w.org\/{rel}","templated":true}]}}