{"id":9351,"date":"2014-12-01T09:27:55","date_gmt":"2014-12-01T11:27:55","guid":{"rendered":"http:\/\/www.sincomam.org.br\/?p=9351"},"modified":"2014-12-01T09:27:55","modified_gmt":"2014-12-01T11:27:55","slug":"sergio-machado-deixa-a-transpetro-em-definitivo","status":"publish","type":"post","link":"https:\/\/www.sincomam.org.br\/index.php\/sergio-machado-deixa-a-transpetro-em-definitivo\/","title":{"rendered":"S\u00e9rgio Machado deixa a Transpetro em definitivo"},"content":{"rendered":"<p>Licenciado da Presid\u00eancia da Transpetro, o executivo S\u00e9rgio Machado deixar\u00e1 o cargo em definitivo esta semana. Ele \u00e9 o \u00fanico dirigente do atual comando da Petrobras e subsidi\u00e1rias que teve o nome relacionado diretamente ao esquema de propinas investigado na Opera\u00e7\u00e3o Lava Jato. Em depoimento ao juiz federal S\u00e9rgio Moro, o ex\u00addiretor Paulo Roberto Costa disse que recebeu R$ 500 mil em dinheiro das m\u00e3os de Machado, como parte do esquema de pagamento de propina envolvendo a estatal.<\/p>\n<p>Costa tamb\u00e9m prestou depoimento na \u00faltima sexta-feira (28) a promotores do Minist\u00e9rio P\u00fablico do Rio em outro inqu\u00e9rito, de 2010, que investiga a suposta evolu\u00e7\u00e3o patrimonial incompat\u00edvel com a renda do presidente da Transpetro. A a\u00e7\u00e3o de improbidade administrativa acusa Machado de fraudar licita\u00e7\u00e3o para a compra de 20 comboios, no valor de US$ 239 milh\u00f5es, para transporte de etanol. Em outubro o Minist\u00e9rio P\u00fablico pediu \u00e0 Justi\u00e7a que decretasse seu afastamento e o bloqueio de seus bens.<\/p>\n<p>Machado tem 68 anos, \u00e9 administrador de empresas e economista e filho de tradicional fam\u00edlia cearense de Crate\u00fas. Sempre foi um chefe exigente, exigindo que sua equipe estivesse dispon\u00edvel a qualquer hora do dia ou da noite.Ele chegava \u00e0s 9 horas e sa\u00eda meia\u00adnoite. Mas era comum varar a madrugada trabalhando.<\/p>\n<p>Ex-deputado e ex-senador, Machado gosta de discursar e sempre se apresentava como o pai do Programa de Renova\u00e7\u00e3o e Expans\u00e3o da Frota (Promef) na Petrobras, projeto de contrata\u00e7\u00e3o de navios e respons\u00e1vel pela retomada do setor naval. Ele gostava tanto do Promef que, da sua sala, acompanhava as obras em tempo real, por uma tela instalada na parede.<\/p>\n<p>Fonte: Alagoas247<\/p>\n","protected":false},"excerpt":{"rendered":"<p>Licenciado da Presid\u00eancia da Transpetro, o executivo S\u00e9rgio Machado deixar\u00e1 o cargo em definitivo esta semana. Ele \u00e9 o \u00fanico dirigente do atual comando da&#8230;<\/p>\n","protected":false},"author":1182,"featured_media":8459,"comment_status":"closed","ping_status":"closed","sticky":false,"template":"","format":"standard","meta":{"footnotes":""},"categories":[6],"tags":[1465,1466,1464,706,738,58,314,942,1463,105],"class_list":["post-9351","post","type-post","status-publish","format-standard","has-post-thumbnail","hentry","category-noticias","tag-abandona","tag-definitivo","tag-despedido","tag-discurso","tag-ex-presidentes","tag-petrobras","tag-presidente","tag-promef","tag-sergio-machado","tag-transpetro"],"_links":{"self":[{"href":"https:\/\/www.sincomam.org.br\/index.php\/wp-json\/wp\/v2\/posts\/9351","targetHints":{"allow":["GET"]}}],"collection":[{"href":"https:\/\/www.sincomam.org.br\/index.php\/wp-json\/wp\/v2\/posts"}],"about":[{"href":"https:\/\/www.sincomam.org.br\/index.php\/wp-json\/wp\/v2\/types\/post"}],"author":[{"embeddable":true,"href":"https:\/\/www.sincomam.org.br\/index.php\/wp-json\/wp\/v2\/users\/1182"}],"replies":[{"embeddable":true,"href":"https:\/\/www.sincomam.org.br\/index.php\/wp-json\/wp\/v2\/comments?post=9351"}],"version-history":[{"count":1,"href":"https:\/\/www.sincomam.org.br\/index.php\/wp-json\/wp\/v2\/posts\/9351\/revisions"}],"predecessor-version":[{"id":9352,"href":"https:\/\/www.sincomam.org.br\/index.php\/wp-json\/wp\/v2\/posts\/9351\/revisions\/9352"}],"wp:featuredmedia":[{"embeddable":true,"href":"https:\/\/www.sincomam.org.br\/index.php\/wp-json\/wp\/v2\/media\/8459"}],"wp:attachment":[{"href":"https:\/\/www.sincomam.org.br\/index.php\/wp-json\/wp\/v2\/media?parent=9351"}],"wp:term":[{"taxonomy":"category","embeddable":true,"href":"https:\/\/www.sincomam.org.br\/index.php\/wp-json\/wp\/v2\/categories?post=9351"},{"taxonomy":"post_tag","embeddable":true,"href":"https:\/\/www.sincomam.org.br\/index.php\/wp-json\/wp\/v2\/tags?post=9351"}],"curies":[{"name":"wp","href":"https:\/\/api.w.org\/{rel}","templated":true}]}}